{"id":12824,"date":"2024-02-21T12:00:28","date_gmt":"2024-02-21T11:00:28","guid":{"rendered":"https:\/\/kulturinsz.de\/cms\/?p=12824"},"modified":"2026-02-18T18:28:20","modified_gmt":"2026-02-18T17:28:20","slug":"nachama-platz-benannt","status":"publish","type":"post","link":"https:\/\/kulturinsz.de\/cms\/aktuelles\/nachama-platz-benannt\/","title":{"rendered":"Nachama-Platz benannt"},"content":{"rendered":"<p>Am Freitag wurde der bisher namenlose Platz an der Gail-S-Halvorsen-Schule in einer feierlichen Zeremonie nach dem ber\u00fchmten Kantor benannt. Nachama \u00fcberlebte Auschwitz und war zwischen 1947 und 2000 Kantor und Oberkantor der J\u00fcdischen Gemeinde zu Berlin. Er setzte sich f\u00fcr den interreligi\u00f6sen Dialog und die Zusammenarbeit zwischen Juden und Christen ein. Neben seinem Adoptivsohn, dem Pulbizisten und Rabbiner Andreas Nachama, sprach auch unser Stadtrat Urban Aykal. Vertreter*innen der BVV Fraktionen und zahlreiche B\u00fcrger*innen konnten bei der Einweihung auch der Musik des Shalom-Chores lauschen, dessen Gr\u00fcnder Estrongo Nachama war.<\/p>\n<p><img loading=\"lazy\" class=\"aligncenter size-large wp-image-12826\" src=\"https:\/\/kulturinsz.de\/cms\/wp-content\/uploads\/2024\/02\/IMG_1888-768x1024.jpg\" alt=\"\" width=\"640\" height=\"853\" \/><\/p>\n<p><img loading=\"lazy\" class=\"aligncenter size-large wp-image-12827\" src=\"https:\/\/kulturinsz.de\/cms\/wp-content\/uploads\/2024\/02\/IMG_1880-1024x576.jpg\" alt=\"\" width=\"640\" height=\"360\" \/><\/p>\n","protected":false},"excerpt":{"rendered":"<p>Am Freitag wurde der bisher namenlose Platz an der Gail-S-Halvorsen-Schule in einer feierlichen Zeremonie nach dem ber\u00fchmten Kantor benannt. Nachama \u00fcberlebte Auschwitz und war zwischen 1947 und 2000 Kantor und Oberkantor der J\u00fcdischen Gemeinde zu Berlin. Er setzte sich f\u00fcr &hellip; <a href=\"https:\/\/kulturinsz.de\/cms\/aktuelles\/nachama-platz-benannt\/\">Weiterlesen <span class=\"meta-nav\">&rarr;<\/span><\/a><\/p>\n","protected":false},"author":3,"featured_media":0,"comment_status":"open","ping_status":"open","sticky":false,"template":"","format":"standard","meta":[],"categories":[4],"tags":[173,18,139,13],"_links":{"self":[{"href":"https:\/\/kulturinsz.de\/cms\/wp-json\/wp\/v2\/posts\/12824"}],"collection":[{"href":"https:\/\/kulturinsz.de\/cms\/wp-json\/wp\/v2\/posts"}],"about":[{"href":"https:\/\/kulturinsz.de\/cms\/wp-json\/wp\/v2\/types\/post"}],"author":[{"embeddable":true,"href":"https:\/\/kulturinsz.de\/cms\/wp-json\/wp\/v2\/users\/3"}],"replies":[{"embeddable":true,"href":"https:\/\/kulturinsz.de\/cms\/wp-json\/wp\/v2\/comments?post=12824"}],"version-history":[{"count":2,"href":"https:\/\/kulturinsz.de\/cms\/wp-json\/wp\/v2\/posts\/12824\/revisions"}],"predecessor-version":[{"id":12829,"href":"https:\/\/kulturinsz.de\/cms\/wp-json\/wp\/v2\/posts\/12824\/revisions\/12829"}],"wp:attachment":[{"href":"https:\/\/kulturinsz.de\/cms\/wp-json\/wp\/v2\/media?parent=12824"}],"wp:term":[{"taxonomy":"category","embeddable":true,"href":"https:\/\/kulturinsz.de\/cms\/wp-json\/wp\/v2\/categories?post=12824"},{"taxonomy":"post_tag","embeddable":true,"href":"https:\/\/kulturinsz.de\/cms\/wp-json\/wp\/v2\/tags?post=12824"}],"curies":[{"name":"wp","href":"https:\/\/api.w.org\/{rel}","templated":true}]}}