{"id":12873,"date":"2024-02-26T18:05:28","date_gmt":"2024-02-26T17:05:28","guid":{"rendered":"https:\/\/kulturinsz.de\/cms\/?p=12873"},"modified":"2024-03-01T18:16:46","modified_gmt":"2024-03-01T17:16:46","slug":"solidaritaet-mit-unserer-partnerstadt-im-charkiw-park","status":"publish","type":"post","link":"https:\/\/kulturinsz.de\/cms\/aktuelles\/solidaritaet-mit-unserer-partnerstadt-im-charkiw-park\/","title":{"rendered":"Solidarit\u00e4t mit unserer Partnerstadt im Charkiw Park"},"content":{"rendered":"<p><em><strong>Das Wetter war sch\u00f6ner als der Anlass: am 24.2. versammelten wir uns im Charkiw-Park, um unsere Solidarit\u00e4t mit unserer Partnerstadt zu zeigen, die mittlerweile seit 2 Jahren dem russischen Angriffskrieg ausgesetzt ist.\u00a0<\/strong><\/em><\/p>\n<p><span style=\"font-weight: 400;\"><img loading=\"lazy\" class=\"alignleft wp-image-12874\" src=\"https:\/\/kulturinsz.de\/cms\/wp-content\/uploads\/2024\/03\/IMG_2546-768x1024.jpeg\" alt=\"\" width=\"170\" height=\"227\" \/>Nach der Er\u00f6ffnungsrede durch die Bezirksb\u00fcrgermeisterin und eine ukrainische Gesangsdarbietung schilderte Olga Pischel vom St\u00e4dtepartnerschaftsverein -und selbst geborene Charkiwerin- die bisherigen Hilfen: allgemeine Hilfstransporte, zum Teil auch mit Lieferung schweren Ger\u00e4ts, Prothesen und -teile des Orthop\u00e4diemechanik-Meisters Klaus Dittmer und auch viele Hilfsaktivit\u00e4ten, die aus der Online-Konferenz \u201eBr\u00fccke Berlin-Charkiw\u201c resultierten, die im letzten Sommer zwischen Freier Uni und der Karazin-Uni Charkiw stattfand. Gerade k\u00fcrzlich sammelte die Paulus-<\/span>Kirchengemeinde noch einmal 16.000 EUR.<!--more--><\/p>\n<p><span style=\"font-weight: 400;\"><img loading=\"lazy\" class=\"alignright wp-image-12876\" src=\"https:\/\/kulturinsz.de\/cms\/wp-content\/uploads\/2024\/03\/IMG_2535-768x1024.jpeg\" alt=\"\" width=\"243\" height=\"324\" srcset=\"https:\/\/kulturinsz.de\/cms\/wp-content\/uploads\/2024\/03\/IMG_2535-768x1024.jpeg 768w, https:\/\/kulturinsz.de\/cms\/wp-content\/uploads\/2024\/03\/IMG_2535-225x300.jpeg 225w, https:\/\/kulturinsz.de\/cms\/wp-content\/uploads\/2024\/03\/IMG_2535.jpeg 800w\" sizes=\"(max-width: 243px) 100vw, 243px\" \/>Noch mehr Einblick in den konkreten Verlauf der Hilfskonvois gab Feuerwehrmann Max Rudzki, der im Dezember den mittlerweile 13. Konvoi koordinierte und schilderte, wie die Fahrt bis an die polnisch-ukrainische Grenze und die \u00dcbergabe an die entsprechenden ukrainischen Partnerorganisationen vonstatten geht.<\/span><\/p>\n<p><span style=\"font-weight: 400;\">Wir danken allen in der Hilfe beteiligten Personen und Organisationen auf\u2019s Herzlichste und hoffen, dass wir sp\u00e4testens den 24.02.25 in friedlicheren Umst\u00e4nden f\u00fcr die Ukraine begehen k\u00f6nnen.<\/span><\/p>\n<p><br style=\"font-weight: 400;\" \/><br style=\"font-weight: 400;\" \/><\/p>\n","protected":false},"excerpt":{"rendered":"<p>Das Wetter war sch\u00f6ner als der Anlass: am 24.2. versammelten wir uns im Charkiw-Park, um unsere Solidarit\u00e4t mit unserer Partnerstadt zu zeigen, die mittlerweile seit 2 Jahren dem russischen Angriffskrieg ausgesetzt ist.\u00a0 Nach der Er\u00f6ffnungsrede durch die Bezirksb\u00fcrgermeisterin und eine &hellip; <a href=\"https:\/\/kulturinsz.de\/cms\/aktuelles\/solidaritaet-mit-unserer-partnerstadt-im-charkiw-park\/\">Weiterlesen <span class=\"meta-nav\">&rarr;<\/span><\/a><\/p>\n","protected":false},"author":3,"featured_media":0,"comment_status":"open","ping_status":"open","sticky":false,"template":"","format":"standard","meta":[],"categories":[4],"tags":[173,55,49,13],"_links":{"self":[{"href":"https:\/\/kulturinsz.de\/cms\/wp-json\/wp\/v2\/posts\/12873"}],"collection":[{"href":"https:\/\/kulturinsz.de\/cms\/wp-json\/wp\/v2\/posts"}],"about":[{"href":"https:\/\/kulturinsz.de\/cms\/wp-json\/wp\/v2\/types\/post"}],"author":[{"embeddable":true,"href":"https:\/\/kulturinsz.de\/cms\/wp-json\/wp\/v2\/users\/3"}],"replies":[{"embeddable":true,"href":"https:\/\/kulturinsz.de\/cms\/wp-json\/wp\/v2\/comments?post=12873"}],"version-history":[{"count":1,"href":"https:\/\/kulturinsz.de\/cms\/wp-json\/wp\/v2\/posts\/12873\/revisions"}],"predecessor-version":[{"id":12877,"href":"https:\/\/kulturinsz.de\/cms\/wp-json\/wp\/v2\/posts\/12873\/revisions\/12877"}],"wp:attachment":[{"href":"https:\/\/kulturinsz.de\/cms\/wp-json\/wp\/v2\/media?parent=12873"}],"wp:term":[{"taxonomy":"category","embeddable":true,"href":"https:\/\/kulturinsz.de\/cms\/wp-json\/wp\/v2\/categories?post=12873"},{"taxonomy":"post_tag","embeddable":true,"href":"https:\/\/kulturinsz.de\/cms\/wp-json\/wp\/v2\/tags?post=12873"}],"curies":[{"name":"wp","href":"https:\/\/api.w.org\/{rel}","templated":true}]}}