{"id":13616,"date":"2024-08-05T16:48:01","date_gmt":"2024-08-05T14:48:01","guid":{"rendered":"https:\/\/kulturinsz.de\/cms\/?p=13616"},"modified":"2024-08-14T07:24:02","modified_gmt":"2024-08-14T05:24:02","slug":"maeusebunker-wie-geht-es-weiter","status":"publish","type":"post","link":"https:\/\/kulturinsz.de\/cms\/architektur\/maeusebunker-wie-geht-es-weiter\/","title":{"rendered":"M\u00e4usebunker &#8211; wie geht es weiter?"},"content":{"rendered":"<p><strong><em>Es ist ein wenig still geworden um den &#8220;schlafenden Riesen&#8221; am Teltowkanal: der im Volksmund so genannte &#8220;M\u00e4usebunker&#8221; &#8211; \u00a0das ehemalige zentrale Tierforschungslabor der Freien Universit\u00e4t in der Krahmerstra\u00dfe &#8211; liegt aktuell (noch) inaktiv in der Sonne. Wie k\u00f6nnte es dort in der Zukunft weitergehen?<\/em><\/strong><\/p>\n<div id=\"attachment_13618\" style=\"width: 610px\" class=\"wp-caption aligncenter\"><img aria-describedby=\"caption-attachment-13618\" loading=\"lazy\" class=\"wp-image-13618\" src=\"https:\/\/kulturinsz.de\/cms\/wp-content\/uploads\/2024\/08\/IMG_9724-1024x576.jpeg\" alt=\"\" width=\"600\" height=\"338\" srcset=\"https:\/\/kulturinsz.de\/cms\/wp-content\/uploads\/2024\/08\/IMG_9724-1024x576.jpeg 1024w, https:\/\/kulturinsz.de\/cms\/wp-content\/uploads\/2024\/08\/IMG_9724-300x169.jpeg 300w, https:\/\/kulturinsz.de\/cms\/wp-content\/uploads\/2024\/08\/IMG_9724-768x432.jpeg 768w, https:\/\/kulturinsz.de\/cms\/wp-content\/uploads\/2024\/08\/IMG_9724-1536x864.jpeg 1536w, https:\/\/kulturinsz.de\/cms\/wp-content\/uploads\/2024\/08\/IMG_9724-2048x1152.jpeg 2048w\" sizes=\"(max-width: 600px) 100vw, 600px\" \/><p id=\"caption-attachment-13618\" class=\"wp-caption-text\">(Foto: Berger)<\/p><\/div>\n<p>Nachdem die sog. &#8220;Forschungseinrichtung f\u00fcr Experimentelle Medizin (FEM)&#8221;, welche 2019 geschlossen wurde, zun\u00e4chst dem Abriss preisgegeben zu sein schien, entdeckte die Architekturszene schnell den Wert als eines der wenigen verbliebenen Beispiele des &#8220;Brutalismus&#8221;. \u00dcbrigens ergibt sich der Name nicht aus der durch die L\u00fcftungsrohre &#8220;brutalen&#8221; Optik eines Schlachtschiffes, sondern leitet sich von franz\u00f6sisch &#8220;brut&#8221;, also etwa &#8220;roh&#8221;, &#8220;ungeschliffen&#8221; her, was in diesem Falle f\u00fcr den Beton gilt. Auch die Presse berichtete \u00fcber den Kampf gegen den Abriss, etwa die London Times (<a href=\"https:\/\/www.thetimes.com\/world\/europe\/article\/architects-battle-to-save-brutal-features-of-berlin-design-history-3g3fb8zm6\" target=\"_blank\" rel=\"noopener\">https:\/\/www.thetimes.com\/world\/europe\/article\/architects-battle-to-save-brutal-features-of-berlin-design-history-3g3fb8zm6<\/a>), eine <a href=\"https:\/\/www.change.org\/p\/michael-m\u00fcller-rettet-den-m\u00e4usebunker-und-das-ehemalige-institut-f\u00fcr-hygiene-und-mikrobiologie\" target=\"_blank\" rel=\"noopener\">Petition<\/a> wurde gestartet und dank des Einsatzes des obersten Denkmalsch\u00fctzers des Landes Berlin, Landeskonservator Dr. Christoph Rauhut, kam es im Mai 2023 schlie\u00dflich zur Unterschutzstellung des Geb\u00e4udes als Baudenkmal (<a href=\"https:\/\/www.rbb24.de\/kultur\/beitrag\/2023\/05\/berlin-maeusebunker-unter-denkmalschutz-brutalismus.html\" target=\"_blank\" rel=\"noopener\">https:\/\/www.rbb24.de\/kultur\/beitrag\/2023\/05\/berlin-maeusebunker-unter-denkmalschutz-brutalismus.html<\/a>).<!--more--><\/p>\n<p>Damit war der Weg frei f\u00fcr einen sachlichen Diskurs zur Zukunft und Nutzungsm\u00f6glichkeiten des M\u00e4usebunkers, dessen Bauk\u00f6rper zun\u00e4chst einmal vom Asbest befreit werden muss &#8211; ob man ihn nun weiter nutzt oder g\u00e4nzlich abreissen w\u00fcrde ist eine professionelle Asbestsanierung vorgeschrieben. Auch hier hatte das Landesdenkmalamt die Rolle des entscheidenden Impulsgebers als Initiator eines <a href=\"https:\/\/www.berlin.de\/landesdenkmalamt\/aktivitaeten\/kurzmeldungen\/2021\/modellverfahren-maeusebunker-eine-initiative-des-landesdenkmalamtes-berlin-1118545.php\" target=\"_blank\" rel=\"noopener\">Modellverfahrens<\/a> mit Werkst\u00e4tten zu verschiedenen Aspekten der Weiternutzung, an dem auch ich im Block I (&#8220;Kultur- und Kreativwirtschaft im Bezirk und Gesamtberlin&#8221;) die Ehre hatte, teilnehmen zu d\u00fcrfen (Fotos: <a href=\"http:\/\/www.liobakeuck.de\/index.php\/about.html\" target=\"_blank\" rel=\"noopener\">Lioba Keuck<\/a>).<\/p>\n<p><img loading=\"lazy\" class=\"aligncenter size-large wp-image-13621\" src=\"https:\/\/kulturinsz.de\/cms\/wp-content\/uploads\/2024\/08\/Bildschirmfoto-2024-08-05-um-15.32.01-898x1024.png\" alt=\"\" width=\"640\" height=\"730\" \/><\/p>\n<p>Schnell wurde dabei klar, dass nur ein breiter Nutzungsmix &#8211; also z.B. aus Filmindustrie, Anbau von medizinischem Canabis, Tonstudios f\u00fcr Musik und Podcastaufnahmen, etc., der die spezielle Architektur und Raumsituation mit den kleinen ehemaligen Laboren und im Erdgeschoss die gut mit LKW anzufahrenden Rampen besonders zu sch\u00e4tzen wei\u00df, eine Finanzierung und nachhaltige Nutzung des asbestsanierten Baus abbilden kann. Ferner wird es wohl verschiedener Bauabschnitte bed\u00fcrfen (zun\u00e4chst au\u00dfen, dann in ca. 5 Schritten durch das Geb\u00e4ude), um das Riesenprojekt umsetzbar zu halten. Langfristig k\u00f6nnte der M\u00e4usebunker damit vor allem der Produktion u.a. von kulturellen G\u00fctern dienen. Auff\u00fchrungsr\u00e4ume sind hier aufgrund der kleinteiligen Grundrisse schwer herzustellen.<\/p>\n<p>Einen in jeglicher Hinsicht tragischen R\u00fcckschlag erlitt das Projekt im November 2023, als mit Jochen Brinkmann pl\u00f6tzlich und unerwartet der Chefarchitekt der Charite verstarb, der mit seiner professionellen Expertise, seiner Position in der Charite als mittlerweile formalem Eigent\u00fcmer des M\u00e4usebunkers, vor allem aber auch mit seiner unnachahmlichen pers\u00f6nlichen Art Akzente setzte.<\/p>\n<p><img loading=\"lazy\" class=\"aligncenter size-large wp-image-12462\" src=\"https:\/\/kulturinsz.de\/cms\/wp-content\/uploads\/2023\/11\/Bildschirmfoto-2023-11-15-um-17.32.29-1024x591.png\" alt=\"\" width=\"640\" height=\"369\" srcset=\"https:\/\/kulturinsz.de\/cms\/wp-content\/uploads\/2023\/11\/Bildschirmfoto-2023-11-15-um-17.32.29-1024x591.png 1024w, https:\/\/kulturinsz.de\/cms\/wp-content\/uploads\/2023\/11\/Bildschirmfoto-2023-11-15-um-17.32.29-300x173.png 300w, https:\/\/kulturinsz.de\/cms\/wp-content\/uploads\/2023\/11\/Bildschirmfoto-2023-11-15-um-17.32.29-768x443.png 768w, https:\/\/kulturinsz.de\/cms\/wp-content\/uploads\/2023\/11\/Bildschirmfoto-2023-11-15-um-17.32.29-1536x886.png 1536w, https:\/\/kulturinsz.de\/cms\/wp-content\/uploads\/2023\/11\/Bildschirmfoto-2023-11-15-um-17.32.29-2048x1182.png 2048w\" sizes=\"(max-width: 640px) 100vw, 640px\" \/>(Quelle: <a href=\"https:\/\/www.tagesspiegel.de\/berlin\/berliner-wirtschaft\/mit-asthetischem-perfektionismus-berliner-charite-trauert-um-ihren-chef-architekten-10772134.html\" target=\"_blank\" rel=\"noopener\">https:\/\/www.tagesspiegel.de\/berlin\/berliner-wirtschaft\/mit-asthetischem-perfektionismus-berliner-charite-trauert-um-ihren-chef-architekten-10772134.html<\/a>)<\/p>\n<p><strong>Was wird nun in der Zukunft mit dem M\u00e4usebunker geschehen?<\/strong><\/p>\n<p>Einerseits wird der M\u00e4usebunker vom Fachverm\u00f6gen der Charite in die Verwaltung der &#8220;BIM&#8221; (Berliner Immobilien Management) \u00fcbertragen, so dass im zust\u00e4ndigen Portfolio-Ausschuss des Abgeordnetenhauses offen und parlamentarisch \u00fcber Planungsans\u00e4tze beraten werden kann. Es bleibt abzuwarten, welche architektonische Sensibilit\u00e4t die derzeit auf Berliner Landesebene regierende schwarz-rote Koalition hier an den Tag legen wird.<\/p>\n<p>Andererseits wird es im September dieses Jahres mit dem &#8220;Festival f\u00fcr urbanes Wohlergehen&#8221; der Initiative &#8220;Urbane Praxis e.V.&#8221; (<a href=\"https:\/\/www.urbanepraxis.berlin\/maeusebunker\/\" target=\"_blank\" rel=\"noopener\">https:\/\/www.urbanepraxis.berlin\/maeusebunker\/<\/a>) ein erstes Nutzungsbeispiel des Au\u00dfenraumes des M\u00e4usebunkers in Form von k\u00fcnstlerischen und kulturellen Beitr\u00e4gen wie Diskussionsveranstaltungen und Workshops geben. Teilnahme und Beitr\u00e4ge sind dort gerne gesehen!<\/p>\n<p>Bei weitergehendem Interesse nehme ich auch gerne auf die Empf\u00e4ngerliste meines kleinen Newsletters zum Thema M\u00e4usebunker auf &#8211; Mail an info@KulturInSZ.de gen\u00fcgt.<\/p>\n","protected":false},"excerpt":{"rendered":"<p>Es ist ein wenig still geworden um den &#8220;schlafenden Riesen&#8221; am Teltowkanal: der im Volksmund so genannte &#8220;M\u00e4usebunker&#8221; &#8211; \u00a0das ehemalige zentrale Tierforschungslabor der Freien Universit\u00e4t in der Krahmerstra\u00dfe &#8211; liegt aktuell (noch) inaktiv in der Sonne. Wie k\u00f6nnte es &hellip; <a href=\"https:\/\/kulturinsz.de\/cms\/architektur\/maeusebunker-wie-geht-es-weiter\/\">Weiterlesen <span class=\"meta-nav\">&rarr;<\/span><\/a><\/p>\n","protected":false},"author":3,"featured_media":0,"comment_status":"open","ping_status":"open","sticky":false,"template":"","format":"standard","meta":[],"categories":[190],"tags":[173,72,97,49],"_links":{"self":[{"href":"https:\/\/kulturinsz.de\/cms\/wp-json\/wp\/v2\/posts\/13616"}],"collection":[{"href":"https:\/\/kulturinsz.de\/cms\/wp-json\/wp\/v2\/posts"}],"about":[{"href":"https:\/\/kulturinsz.de\/cms\/wp-json\/wp\/v2\/types\/post"}],"author":[{"embeddable":true,"href":"https:\/\/kulturinsz.de\/cms\/wp-json\/wp\/v2\/users\/3"}],"replies":[{"embeddable":true,"href":"https:\/\/kulturinsz.de\/cms\/wp-json\/wp\/v2\/comments?post=13616"}],"version-history":[{"count":16,"href":"https:\/\/kulturinsz.de\/cms\/wp-json\/wp\/v2\/posts\/13616\/revisions"}],"predecessor-version":[{"id":13659,"href":"https:\/\/kulturinsz.de\/cms\/wp-json\/wp\/v2\/posts\/13616\/revisions\/13659"}],"wp:attachment":[{"href":"https:\/\/kulturinsz.de\/cms\/wp-json\/wp\/v2\/media?parent=13616"}],"wp:term":[{"taxonomy":"category","embeddable":true,"href":"https:\/\/kulturinsz.de\/cms\/wp-json\/wp\/v2\/categories?post=13616"},{"taxonomy":"post_tag","embeddable":true,"href":"https:\/\/kulturinsz.de\/cms\/wp-json\/wp\/v2\/tags?post=13616"}],"curies":[{"name":"wp","href":"https:\/\/api.w.org\/{rel}","templated":true}]}}