{"id":2220,"date":"2013-07-16T17:50:06","date_gmt":"2013-07-16T15:50:06","guid":{"rendered":"http:\/\/kulturinsz.de\/cms\/?p=2220"},"modified":"2013-07-17T18:32:46","modified_gmt":"2013-07-17T16:32:46","slug":"sommerherbst-2013","status":"publish","type":"post","link":"https:\/\/kulturinsz.de\/cms\/aktuelles\/sommerherbst-2013\/","title":{"rendered":"F\u00fchrungen Sommer\/Herbst 2013"},"content":{"rendered":"<p align=\"center\"><b>Literatur und Kunst am Gendarmenmarkt.<\/b><\/p>\n<p align=\"center\">E.T.A. Hoffmann, Rahel Lewin, Hugenotten und die Seidenkunst.<\/p>\n<p align=\"center\">31.7., 28.8., 4.9., 4.10., 23.11., 29.12. 2013, 14 Uhr;<\/p>\n<p align=\"center\">Treff: Mitte, vor dem Hilton Hotel, Mohrenstra\u00dfe<\/p>\n<p align=\"center\"><b>Literatur und Kunst Unter den Linden \u2013 Zwischen Brandenburger Tor und Schlo\u00dfbr\u00fccke<\/b> 24.7., 7.8., 18.9., 2013, 14 Uhr;<\/p>\n<p align=\"center\">Treff: Mitte, Vor der Akademie der K\u00fcnste, Pariser Platz<\/p>\n<p align=\"center\"><b>Literatur und Kunst in Pankow\/Niedersch\u00f6nhausen. Von K\u00f6niginnen<!--more--> und der Seidenzucht. <\/b>Mit der M\u00f6glichkeit des Schlo\u00dfbesuchs.,<\/p>\n<p align=\"center\">17.7., 25.9., 20.11. 2013, 14 Uhr;<\/p>\n<p align=\"center\">Treff: Pankow, Dorfkirche, Breite Stra\u00dfe,<\/p>\n<p align=\"center\"><b>Literatur und Kunst in Friedrichshagen &#8211; Ein Luftkurort am M\u00fcggelsee.<\/b><\/p>\n<p align=\"center\">Von Seidenzucht und Dichtkunst, 20.7. 2013, 14 Uhr;<\/p>\n<p align=\"center\">Treff: S-Bahnhof Friedrichshagen, Ausgang Kurpark,<\/p>\n<p align=\"center\"><b>Kurf\u00fcrstendamm &#8211; Literatur und Kunst<\/b><\/p>\n<p align=\"center\">I. Von Halensee zum Olivaer Platz. Else Lasker-Sch\u00fcler, S. Kracauer, E. K\u00e4stner u.a.<\/p>\n<p align=\"center\">3.7., 24.8., 9.11., 7.12. 2013, 14 Uhr;<\/p>\n<p align=\"center\">Treff: S-Bahnhof Halensee;<\/p>\n<p align=\"center\">II. Vom Olivaer Platz zur Ged\u00e4chtniskirche, O. Pastior, J. Roth, I. Keun u.a.<\/p>\n<p align=\"center\">31.8., 16.11., 14.12. 2013, 14 Uhr;<\/p>\n<p align=\"center\">Treff: Ecke Kurf\u00fcrstendamm 59\/60\/Leibnizstra\u00dfe.<\/p>\n<p align=\"center\"><b>Literatur und Kunst in Grunewald I: Halensee, Friedhof Grunewald.<\/b><\/p>\n<p align=\"center\">Vergn\u00fcgungen und Schicksale: Luna-Park, Else Lasker-Sch\u00fcler, Melli Beese.<\/p>\n<p align=\"center\">10.7., 3.8. 2013, 14 Uhr;<\/p>\n<p align=\"center\">Treff: S-Bahnhof Halensee;<\/p>\n<p align=\"center\"><b>Literatur und Kunst in Grunewald II.<\/b> <b>Vom Hagenplatz zum Bahnhof Grunewald<\/b>. (Gleis 17). A. Kerr, H. Sudermann, Emil und die Detektive, S. Fischer u.a.<br \/>\n10.8., 29.9., 17.11., 28.12. 2013, 14 Uhr,<br \/>\nTreff: Grunewald, Hagenplatz vor Wiener Cafe,<\/p>\n<p align=\"center\"><b>Literatur und Kunst in Grunewald III<\/b>. <b>Vom Roseneck zum Hagenplatz<\/b>.<\/p>\n<p align=\"center\">Salon Andrae, Villa Mendelssohn, Schlo\u00dfhotel<\/p>\n<p align=\"center\">17.8., 22.9., 27.10., 8.12. 2013, 14 Uhr,<br \/>\nTreff: Kiosk an der Taxi- und Bushaltestelle Rheinbabenallee\/Hundekehlestra\u00dfe,<\/p>\n<p align=\"center\"><b>Literatur und Kunst in Schmargendorf<\/b> \u2013 <b>Die starken Frauen<\/b><\/p>\n<p align=\"center\">Lou Andreas Salom\u00e9 und Rilke, Melli Beese und die Flugkunst, Prominenten-Rathaus, 27.7., 14.8., 21.9., 13.10., 10.11., 22.12. 2013 14 Uhr;<br \/>\nTreff: Schmargendorf, Alte Dorkirche, Kirchstra\u00dfe,<\/p>\n<p align=\"center\"><b>Friedenau &#8211; ein kunstsinniger Ort<\/b>. Wo Nobelpreistr\u00e4ger und Expressionisten lebten.<br \/>\nFriedhof Stubenrauchstra\u00dfe: Oskar Pastior, Marlene Dietrich, Helmut Newton.<br \/>\n21.7., 4.8., 8.9., 6.10., 3.11., 25.12. 2013, 14 Uhr;<\/p>\n<p align=\"center\">Treff: Friedenau, Vor der Kirche am Friedrich-Wilhelm-Platz<\/p>\n<p align=\"center\"><b>Wein, Weib, Gesang \u2013 <\/b>Literatur und Kunst zwischen <b>Breitenbachplatz<\/b> und<\/p>\n<p align=\"center\"><b>R\u00fcdesheimer Platz<\/b> \u2013 K\u00fcnstlerkolonie (Ernst Bloch, Ernst Busch, Peter Huchel u.a.)<\/p>\n<p align=\"center\">14.7., 21.8., 5.10., 30.10., 24.11., 15.12. 2013, 14 Uhr<\/p>\n<p align=\"center\">Treff: Wilmersdorf, Breitenbachplatz\/Kreuznacher Stra\u00dfe<\/p>\n<p align=\"center\"><b>Es war in Sch\u00f6neberg &#8211; Vom Kleistpark zum Rathaus Sch\u00f6neberg.<\/b><\/p>\n<p align=\"center\">Geschichten rund um den B\u00f6hmerberg. Die Millionenbauern, Friedhof Alt-Sch\u00f6neberg.<\/p>\n<p align=\"center\">7.9. 2013, 14 Uhr;<\/p>\n<p align=\"center\">Treff: Sch\u00f6neberg, U-Bahnhof Kleistpark, Ausgang Grunewaldstra\u00dfe,<\/p>\n<p align=\"center\"><b>Kultur- und Wissenschaft in Dahlem<\/b>.<br \/>\n6.7., 6.11., 27.11. 2013, 14 Uhr;<\/p>\n<p align=\"center\">Treff: Dahlem, U-Bahnhof Thielplatz, Kiosk,<\/p>\n<p align=\"center\"><b>Literatur, Kunst und Architektur zwischen Krumme Lanke &#8211; Schlachtensee<\/b>.<\/p>\n<p align=\"center\">18.8., 15.9. 2013, 14 Uhr,<br \/>\nTreff: Zehlendorf, U-Bahnhof Krumme Lanke,<\/p>\n<p align=\"center\"><b>Zehlendorf &#8211; ein altes Dorf im Gr\u00fcnen neu entdeckt<\/b>.<br \/>\nSpaziergang um den Dorfanger bis zur Dorfkirche und zum Gottesacker.<br \/>\n13.7., 14.9., 12.10., 2.11., 21.12. 2013, 14 Uhr;<br \/>\nTreff: S-Bahnhof Zehlendorf, Ausgang Hampsteadstra\u00dfe,<\/p>\n<p align=\"center\"><b>Luftkurort Klein-Glienicke und Glienicker Br\u00fccke.<\/b><br \/>\nB\u00f6ttcherberg, Schweizerh\u00e4user, Jagdschlo\u00df.<\/p>\n<p align=\"center\">7.7. 2013, 14 Uhr;<\/p>\n<p align=\"center\">Treff: Wannsee, K\u00f6nigstra\u00dfe\/Am Waldrand,<\/p>\n<p align=\"center\"><b>Kleist am Wannsee \u2013 Vom Literarischen Colloquium zum Kleistgrab<\/b><\/p>\n<p align=\"center\">28.7., 11.8., 1.9., 3.10., 26.12. 2013, 14 Uhr<\/p>\n<p align=\"center\">Treff: S-Bahnhof Wannsee, Bahnhofsvorhalle, Kiosk<\/p>\n<p align=\"center\"><b>Potsdam-Babelsberg und sein b\u00f6hmisches Weberdorf. Nowawes\/Neuendorf. <\/b>Von Leinewebern, N\u00e4hseide und Schallplatten.<\/p>\n<p align=\"center\">3.3. 2013, 14 Uhr<\/p>\n<p align=\"center\"><b><span style=\"text-decoration: underline;\">Die besondere Garten-F\u00fchrung<\/span><\/b><\/p>\n<p style=\"text-align: center;\"><b>Auf den Spuren von Yin und Yang <\/b><i>&#8211; <\/i>F\u00fchrung im<b><i> <\/i>Chinesischen Garten <\/b>in Marzahn<b>, <\/b>mit der M\u00f6glichkeit, die weiteren<b> G\u00e4rten der Welt<\/b> &#8211; <b> <\/b>zu besichtigen, sowie zu einer <b>Chinesischen Teezeremonie,<\/b><br \/>\n9.3., 29.6., 26.10. 2013 14 Uhr.<\/p>\n<p style=\"text-align: center;\">Nur mit Anmeldung unter 030\/892 13 38<\/p>\n","protected":false},"excerpt":{"rendered":"<p>Literatur und Kunst am Gendarmenmarkt. E.T.A. Hoffmann, Rahel Lewin, Hugenotten und die Seidenkunst. 31.7., 28.8., 4.9., 4.10., 23.11., 29.12. 2013, 14 Uhr; Treff: Mitte, vor dem Hilton Hotel, Mohrenstra\u00dfe Literatur und Kunst Unter den Linden \u2013 Zwischen Brandenburger Tor und &hellip; <a href=\"https:\/\/kulturinsz.de\/cms\/aktuelles\/sommerherbst-2013\/\">Weiterlesen <span class=\"meta-nav\">&rarr;<\/span><\/a><\/p>\n","protected":false},"author":7,"featured_media":0,"comment_status":"open","ping_status":"open","sticky":false,"template":"","format":"standard","meta":[],"categories":[4],"tags":[56],"_links":{"self":[{"href":"https:\/\/kulturinsz.de\/cms\/wp-json\/wp\/v2\/posts\/2220"}],"collection":[{"href":"https:\/\/kulturinsz.de\/cms\/wp-json\/wp\/v2\/posts"}],"about":[{"href":"https:\/\/kulturinsz.de\/cms\/wp-json\/wp\/v2\/types\/post"}],"author":[{"embeddable":true,"href":"https:\/\/kulturinsz.de\/cms\/wp-json\/wp\/v2\/users\/7"}],"replies":[{"embeddable":true,"href":"https:\/\/kulturinsz.de\/cms\/wp-json\/wp\/v2\/comments?post=2220"}],"version-history":[{"count":5,"href":"https:\/\/kulturinsz.de\/cms\/wp-json\/wp\/v2\/posts\/2220\/revisions"}],"predecessor-version":[{"id":2225,"href":"https:\/\/kulturinsz.de\/cms\/wp-json\/wp\/v2\/posts\/2220\/revisions\/2225"}],"wp:attachment":[{"href":"https:\/\/kulturinsz.de\/cms\/wp-json\/wp\/v2\/media?parent=2220"}],"wp:term":[{"taxonomy":"category","embeddable":true,"href":"https:\/\/kulturinsz.de\/cms\/wp-json\/wp\/v2\/categories?post=2220"},{"taxonomy":"post_tag","embeddable":true,"href":"https:\/\/kulturinsz.de\/cms\/wp-json\/wp\/v2\/tags?post=2220"}],"curies":[{"name":"wp","href":"https:\/\/api.w.org\/{rel}","templated":true}]}}