{"id":2725,"date":"2013-08-05T12:28:30","date_gmt":"2013-08-05T10:28:30","guid":{"rendered":"http:\/\/kulturinsz.de\/cms\/?p=2725"},"modified":"2013-08-05T12:45:02","modified_gmt":"2013-08-05T10:45:02","slug":"teater-von-oklahama-gegluckte-premiere","status":"publish","type":"post","link":"https:\/\/kulturinsz.de\/cms\/aktuelles\/teater-von-oklahama-gegluckte-premiere\/","title":{"rendered":"Teater von Oklahama &#8211; gegl\u00fcckte Premiere"},"content":{"rendered":"<p>Nach der nun gegl\u00fcckten Premiere an einem hochsommerlich hei\u00dfen Samstag, lie\u00df sich das Ensemble auch nicht von \u00fcberraschenden Regenf\u00e4llen am Sonntag abhalten, im <a title=\"Haus der Jugend Zehlendorf\" href=\"http:\/\/kulturinsz.de\/cms\/orte\/nachbarschaftszentren\/haus-der-jugend-zehlendorf\/\">Haus der Jugend Zehlendorf<\/a> im Garten am idyllisch gelegenen Waldsee zum zweiten Mal open air vorzuspielen.<\/p>\n<p>Das Engagement der 11 Schauspieler ist nach wie vor sehr gro\u00df &#8211; seit \u00fcber 3 Wochen wurde jeden Tag eifrig <!--more-->geprobt. Die j\u00fcngste Teilnehmerin, Lara, ist gerade mal 5 Jahre alt. Einige aus dem Ensemble haben schon etwas Theatererfahrung gesammelt, andere spielen zum ersten Mal, wie z.B. die kleine Lara. Ihre Mama ist immer dabei und sehr stolz auf ihre Tochter. Ria (75J.) ist die \u00e4lteste Mitspielerin und h\u00e4lt sich neben dem Theaterspielen auch noch mit Lesen und T\u00f6pferarbeiten fit. Ihre Tonskulpturen kommen in diesem St\u00fcck erstmalig zum Einsatz. In einer Szene modelliert sie Richard (13J). Der hat schon zuvor in anderen Kindertheaterprojekten mitgespielt, aber zusammen mit Erwachsenen macht er das zum ersten Mal und ist hoch konzentriert bei der Sache. Joshua (16J). hat schon einmal unter der Regie von Christian Tietz in einem Sommertheaterprojekt im Haus der Jugend mitgespielt. In diesem St\u00fcck hier spielt er die Hauptfigur, den 17j\u00e4hrigen Karl Ro\u00dfmann, der sich beim Teater von Oklahama bewirbt. Die gesamte Schauspieltruppe w\u00fcrdigt am Ende des St\u00fcckes einige Arbeiten von Franz Kafka auf ihre ganz pers\u00f6nliche Art und Weise.<\/p>\n<p>Von Freitag 9. bis Sonntag 11. August jeweils um 20 Uhr geht es weiter (-&gt;<a href=\"http:\/\/kulturinsz.de\/cms\/locations\/haus-der-jugend-zehlendorf\/\">Termine<\/a>), wenn es hei\u00dft:<\/p>\n<p>&#8220;Auf dem Rennplatz von Clayton wird heute von sechs Uhr fr\u00fch bis Mitternacht Personal f\u00fcr das Teater von Oklahama aufgenommen! Das gro\u00dfe Teater von Oklahama ruft Euch! Es ruft nur heute, nur einmal! Wer jetzt die Gelegenheit vers\u00e4umt, vers\u00e4umt sie f\u00fcr immer!&#8221;<\/p>\n","protected":false},"excerpt":{"rendered":"<p>Nach der nun gegl\u00fcckten Premiere an einem hochsommerlich hei\u00dfen Samstag, lie\u00df sich das Ensemble auch nicht von \u00fcberraschenden Regenf\u00e4llen am Sonntag abhalten, im Haus der Jugend Zehlendorf im Garten am idyllisch gelegenen Waldsee zum zweiten Mal open air vorzuspielen. Das &hellip; <a href=\"https:\/\/kulturinsz.de\/cms\/aktuelles\/teater-von-oklahama-gegluckte-premiere\/\">Weiterlesen <span class=\"meta-nav\">&rarr;<\/span><\/a><\/p>\n","protected":false},"author":9,"featured_media":0,"comment_status":"open","ping_status":"open","sticky":false,"template":"","format":"standard","meta":[],"categories":[4],"tags":[173,62,63,178,13],"_links":{"self":[{"href":"https:\/\/kulturinsz.de\/cms\/wp-json\/wp\/v2\/posts\/2725"}],"collection":[{"href":"https:\/\/kulturinsz.de\/cms\/wp-json\/wp\/v2\/posts"}],"about":[{"href":"https:\/\/kulturinsz.de\/cms\/wp-json\/wp\/v2\/types\/post"}],"author":[{"embeddable":true,"href":"https:\/\/kulturinsz.de\/cms\/wp-json\/wp\/v2\/users\/9"}],"replies":[{"embeddable":true,"href":"https:\/\/kulturinsz.de\/cms\/wp-json\/wp\/v2\/comments?post=2725"}],"version-history":[{"count":7,"href":"https:\/\/kulturinsz.de\/cms\/wp-json\/wp\/v2\/posts\/2725\/revisions"}],"predecessor-version":[{"id":2730,"href":"https:\/\/kulturinsz.de\/cms\/wp-json\/wp\/v2\/posts\/2725\/revisions\/2730"}],"wp:attachment":[{"href":"https:\/\/kulturinsz.de\/cms\/wp-json\/wp\/v2\/media?parent=2725"}],"wp:term":[{"taxonomy":"category","embeddable":true,"href":"https:\/\/kulturinsz.de\/cms\/wp-json\/wp\/v2\/categories?post=2725"},{"taxonomy":"post_tag","embeddable":true,"href":"https:\/\/kulturinsz.de\/cms\/wp-json\/wp\/v2\/tags?post=2725"}],"curies":[{"name":"wp","href":"https:\/\/api.w.org\/{rel}","templated":true}]}}