{"id":3927,"date":"2014-01-26T13:49:27","date_gmt":"2014-01-26T12:49:27","guid":{"rendered":"http:\/\/kulturinsz.de\/cms\/?p=3927"},"modified":"2014-01-26T15:21:39","modified_gmt":"2014-01-26T14:21:39","slug":"the-kings-speech-fulminante-premiere-im-schlosspark-theater","status":"publish","type":"post","link":"https:\/\/kulturinsz.de\/cms\/aktuelles\/the-kings-speech-fulminante-premiere-im-schlosspark-theater\/","title":{"rendered":"&#8220;The King&#8217;s Speech&#8221; &#8211; fulminante Premiere im Schlosspark-Theater"},"content":{"rendered":"<div style=\"width: 260px\" class=\"wp-caption alignleft\"><a href=\"http:\/\/schlosspark-theater.de\/media\/image\/KingsSpeech3.jpg\"><img loading=\"lazy\" alt=\"\" src=\"http:\/\/schlosspark-theater.de\/media\/image\/KingsSpeech3.jpg\" width=\"250\" height=\"354\" \/><\/a><p class=\"wp-caption-text\">Foto (C) DerDehmel<\/p><\/div>\n<p>Der Stoff ist nicht zuletzt durch einen mit vier Oscars ausgezeichneten Film aus dem Jahre 2010 bekannt: Der sp\u00e4tere K\u00f6nig Georg VI. -von seiner Familie verniedlichend &#8220;Bertie&#8221; genannt- stottert. Mit der Erfindung des Radios droht diese Schw\u00e4che bekannt zu werden. Dies ist besonders in seinem historischen Umfeld brisant: Das Deutsche Reich unter Hitler r\u00fcstet massiv auf und es wird immer deutlicher, dass man sich am Vorabend eines Krieges befindet, als auch noch Chamberlains Appeasement-Politik scheitert. Der amtierende K\u00f6nig stirbt und Berties \u00e4lterer Bruder, der in der Thronfolge vor ihm steht, schickt sich an, eine B\u00fcrgerliche zu heiraten, was Kirche und englische Kolonien erz\u00fcrnt. Es ist also an Bertie selbst, K\u00f6nig zu werden und die Nation zu einen&#8230;<\/p>\n<p>Diese reale Historie bietet damit den Hintergrund, aber auch die Herausforderungen <!--more-->bei der Umsetzung im Theater: die klassische, aristotelische Einheit von Zeit, Ort und Handlung wird unm\u00f6glich durch den Stoff: die erz\u00e4hlte Zeit umfasst \u00fcber ein Jahr, mehrere Orte wie k\u00f6niglicher Palast und Westminter Abbey sind entscheidend und die Handlung spaltet sich auch in Rahmen- und Nebenhandlungen wie die Intrigenspinnerei von Hofschranzen und Klerus sowie die Einstellungen und Erw\u00e4gungen der k\u00f6niglichen Familie auf.<\/p>\n<p>Doch dem Schlosspark-Theater gelingt es bravour\u00f6s, diese Herausforderungen zu meistern, so dass dem zentralen Thema nichts im Wege steht: Loyalit\u00e4t. Dem Staate, der Familie, der Partnerin und &#8211; nicht zuletzt &#8211; sich selbst gegen\u00fcber. Dies ist das Lernfeld der Hauptfigur &#8220;Bertie&#8221;, die nicht besser als mit Oliver Mommsen h\u00e4tte besetzt sein k\u00f6nnen. Nach und nach erleben die Zuschauer mit, wie der durch Tradition, H\u00e4rte und Umerziehung von Links- zu Rechtsh\u00e4nder gepr\u00e4gte Bertie Vertrauen zu seinem Sprachtherapeuten Lionel Logue (sehr gut: J\u00fcrgen Tarrach) fasst und den Wert von loyaler Freundschaft unter Gleichen kennenlernt, die pers\u00f6nliche Schw\u00e4chen akzeptiert. Auch als diese durch die Vorgeschichte Logues auf eine harte Probe gestellt wird, \u00fcberdauert sie letztlich und erm\u00f6glicht den fulminanten H\u00f6hepunkt des St\u00fcckes: die Radioansprache an die Nation zur Begr\u00fcndung des englischen Eingreifens in den Weltkrieg nach dem deutschen \u00dcberfall auf Polen. Versagt der K\u00f6nig hier, droht Europa gegen Hitler-Deutschland unterzugehen. Und hier brilliert der im gesamten St\u00fcck stark geforderte Oliver Mommsen als Georg VI.: die Zuschauer h\u00e4ngen an seinen Lippen, als er &#8211; um L\u00e4ngen besser als andere deutsche, dem Method-Acting unvertraute (Fernseh-)Schauspieler- authentisch die Wandlung des K\u00f6nigs zur wahren F\u00fchrungspers\u00f6nlichkeit verk\u00f6rpert. Langer Premierenapplaus belohnte ihn daf\u00fcr.<\/p>\n<p>Zur gelungenen Auff\u00fchrung trugen auch die puristisch aber dennoch stimmungsvoll ausgestattete und beleuchtete (Dreh-)B\u00fchne mit ihrer Ortsflexibilit\u00e4t und die Tatsache bei, dass Theaterbesitzer Hallervorden sich in der Rolle von Berties Vater (eher eine Art Cameo-Auftritt) weise zur\u00fcckh\u00e4lt und den Hauptcharakteren ihren Platz l\u00e4sst, Slapstick-Elemente nur ganz am Rande eingesetzt werden.<\/p>\n<p>Eine solch beeindruckende Umsetzung des St\u00fcckes macht gespannt auf mehr dieser Klasse an diesem Spielort!<\/p>\n<p style=\"text-align: center;\"><a href=\"http:\/\/kulturinsz.de\/cms\/wp-content\/uploads\/2014\/01\/Foto_KingsSpeech.jpg\"><img loading=\"lazy\" class=\"aligncenter  wp-image-3932\" alt=\"Foto_KingsSpeech\" src=\"http:\/\/kulturinsz.de\/cms\/wp-content\/uploads\/2014\/01\/Foto_KingsSpeech.jpg\" width=\"567\" height=\"235\" srcset=\"https:\/\/kulturinsz.de\/cms\/wp-content\/uploads\/2014\/01\/Foto_KingsSpeech.jpg 700w, https:\/\/kulturinsz.de\/cms\/wp-content\/uploads\/2014\/01\/Foto_KingsSpeech-300x124.jpg 300w\" sizes=\"(max-width: 567px) 100vw, 567px\" \/><\/a><\/p>\n<p style=\"text-align: left;\">N\u00e4chste Auff\u00fchrungen:<\/p>\n<ul>\n<li><a title=\"THE KING'S SPEECH - Die Rede des K\u00f6nigs\" href=\"http:\/\/kulturinsz.de\/cms\/aktuelles\/events\/the-kings-speech-die-rede-des-konigs\/\">THE KING&#8217;S SPEECH &#8211; Die Rede des K\u00f6nigs<\/a> &#8211; 26.01.2014 &#8211; 20:00<\/li>\n<li><a title=\"THE KING'S SPEECH - Die Rede des K\u00f6nigs\" href=\"http:\/\/kulturinsz.de\/cms\/aktuelles\/events\/the-kings-speech-die-rede-des-konigs-2\/\">THE KING&#8217;S SPEECH &#8211; Die Rede des K\u00f6nigs<\/a> &#8211; 27.01.2014 &#8211; 20:00<\/li>\n<li><a title=\"THE KING'S SPEECH - Die Rede des K\u00f6nigs\" href=\"http:\/\/kulturinsz.de\/cms\/aktuelles\/events\/the-kings-speech-die-rede-des-konigs-3\/\">THE KING&#8217;S SPEECH &#8211; Die Rede des K\u00f6nigs<\/a> &#8211; 28.01.2014 &#8211; 20:00<\/li>\n<li><a title=\"THE KING'S SPEECH - Die Rede des K\u00f6nigs\" href=\"http:\/\/kulturinsz.de\/cms\/aktuelles\/events\/the-kings-speech-die-rede-des-konigs-4\/\">THE KING&#8217;S SPEECH &#8211; Die Rede des K\u00f6nigs<\/a> &#8211; 09.02.2014 &#8211; 20:00<\/li>\n<li><a title=\"THE KING'S SPEECH - Die Rede des K\u00f6nigs\" href=\"http:\/\/kulturinsz.de\/cms\/aktuelles\/events\/the-kings-speech-die-rede-des-konigs-5\/\">THE KING&#8217;S SPEECH &#8211; Die Rede des K\u00f6nigs<\/a> &#8211; 10.02.2014 &#8211; 20:00<\/li>\n<li><a title=\"THE KING'S SPEECH - Die Rede des K\u00f6nigs\" href=\"http:\/\/kulturinsz.de\/cms\/aktuelles\/events\/the-kings-speech-die-rede-des-konigs-7\/\">THE KING&#8217;S SPEECH &#8211; Die Rede des K\u00f6nigs<\/a> &#8211; 11.02.2014 &#8211; 20:00<\/li>\n<li><a title=\"THE KING'S SPEECH - Die Rede des K\u00f6nigs\" href=\"http:\/\/kulturinsz.de\/cms\/aktuelles\/events\/the-kings-speech-die-rede-des-konigs-6\/\">THE KING&#8217;S SPEECH &#8211; Die Rede des K\u00f6nigs<\/a> &#8211; 12.02.2014 &#8211; 20:00<\/li>\n<li><a title=\"THE KING'S SPEECH - Die Rede des K\u00f6nigs\" href=\"http:\/\/kulturinsz.de\/cms\/aktuelles\/events\/the-kings-speech-die-rede-des-konigs-8\/\">THE KING&#8217;S SPEECH &#8211; Die Rede des K\u00f6nigs<\/a> &#8211; 13.02.2014 &#8211; 20:00<\/li>\n<li><a title=\"THE KING'S SPEECH - Die Rede des K\u00f6nigs\" href=\"http:\/\/kulturinsz.de\/cms\/aktuelles\/events\/the-kings-speech-die-rede-des-konigs-9\/\">THE KING&#8217;S SPEECH &#8211; Die Rede des K\u00f6nigs<\/a> &#8211; 14.02.2014 &#8211; 20:00<\/li>\n<li><a title=\"THE KING'S SPEECH - Die Rede des K\u00f6nigs\" href=\"http:\/\/kulturinsz.de\/cms\/aktuelles\/events\/the-kings-speech-die-rede-des-konigs-11\/\">THE KING&#8217;S SPEECH &#8211; Die Rede des K\u00f6nigs<\/a> &#8211; 15.02.2014 &#8211; 20:00<\/li>\n<li><a title=\"THE KING'S SPEECH - Die Rede des K\u00f6nigs\" href=\"http:\/\/kulturinsz.de\/cms\/aktuelles\/events\/the-kings-speech-die-rede-des-konigs-12\/\">THE KING&#8217;S SPEECH &#8211; Die Rede des K\u00f6nigs<\/a> &#8211; 16.02.2014 &#8211; 20:00<\/li>\n<li><a title=\"THE KING'S SPEECH - Die Rede des K\u00f6nigs\" href=\"http:\/\/kulturinsz.de\/cms\/aktuelles\/events\/the-kings-speech-die-rede-des-konigs-13\/\">THE KING&#8217;S SPEECH &#8211; Die Rede des K\u00f6nigs<\/a> &#8211; 17.02.2014 &#8211; 20:00<\/li>\n<li><a title=\"THE KING'S SPEECH - Die Rede des K\u00f6nigs\" href=\"http:\/\/kulturinsz.de\/cms\/aktuelles\/events\/the-kings-speech-die-rede-des-konigs-10\/\">THE KING&#8217;S SPEECH &#8211; Die Rede des K\u00f6nigs<\/a> &#8211; 18.02.2014 &#8211; 20:00<\/li>\n<\/ul>\n<p style=\"text-align: left;\">\n","protected":false},"excerpt":{"rendered":"<p>Der Stoff ist nicht zuletzt durch einen mit vier Oscars ausgezeichneten Film aus dem Jahre 2010 bekannt: Der sp\u00e4tere K\u00f6nig Georg VI. -von seiner Familie verniedlichend &#8220;Bertie&#8221; genannt- stottert. Mit der Erfindung des Radios droht diese Schw\u00e4che bekannt zu werden. &hellip; <a href=\"https:\/\/kulturinsz.de\/cms\/aktuelles\/the-kings-speech-fulminante-premiere-im-schlosspark-theater\/\">Weiterlesen <span class=\"meta-nav\">&rarr;<\/span><\/a><\/p>\n","protected":false},"author":3,"featured_media":0,"comment_status":"open","ping_status":"open","sticky":false,"template":"","format":"standard","meta":[],"categories":[4],"tags":[173,21,75,49,63],"_links":{"self":[{"href":"https:\/\/kulturinsz.de\/cms\/wp-json\/wp\/v2\/posts\/3927"}],"collection":[{"href":"https:\/\/kulturinsz.de\/cms\/wp-json\/wp\/v2\/posts"}],"about":[{"href":"https:\/\/kulturinsz.de\/cms\/wp-json\/wp\/v2\/types\/post"}],"author":[{"embeddable":true,"href":"https:\/\/kulturinsz.de\/cms\/wp-json\/wp\/v2\/users\/3"}],"replies":[{"embeddable":true,"href":"https:\/\/kulturinsz.de\/cms\/wp-json\/wp\/v2\/comments?post=3927"}],"version-history":[{"count":12,"href":"https:\/\/kulturinsz.de\/cms\/wp-json\/wp\/v2\/posts\/3927\/revisions"}],"predecessor-version":[{"id":3939,"href":"https:\/\/kulturinsz.de\/cms\/wp-json\/wp\/v2\/posts\/3927\/revisions\/3939"}],"wp:attachment":[{"href":"https:\/\/kulturinsz.de\/cms\/wp-json\/wp\/v2\/media?parent=3927"}],"wp:term":[{"taxonomy":"category","embeddable":true,"href":"https:\/\/kulturinsz.de\/cms\/wp-json\/wp\/v2\/categories?post=3927"},{"taxonomy":"post_tag","embeddable":true,"href":"https:\/\/kulturinsz.de\/cms\/wp-json\/wp\/v2\/tags?post=3927"}],"curies":[{"name":"wp","href":"https:\/\/api.w.org\/{rel}","templated":true}]}}