{"id":4399,"date":"2014-04-16T12:04:31","date_gmt":"2014-04-16T10:04:31","guid":{"rendered":"http:\/\/kulturinsz.de\/cms\/?p=4399"},"modified":"2015-03-04T17:39:43","modified_gmt":"2015-03-04T16:39:43","slug":"kunst-im-krankenhaus-charite-sucht-kunstlerinnen","status":"publish","type":"post","link":"https:\/\/kulturinsz.de\/cms\/aktuelles\/kunst-im-krankenhaus-charite-sucht-kunstlerinnen\/","title":{"rendered":"&#8220;Kunst im Krankenhaus&#8221; &#8211; Charit\u00e9 sucht K\u00fcnstlerInnen!"},"content":{"rendered":"<p><strong>Neben der allj\u00e4hrlichen <a href=\"http:\/\/kulturinsz.de\/cms\/aktuelles\/events\/ausstellung-kunst-visite-malerei-und-fotografie\/\">&#8220;Kunstvisite&#8221;<\/a>, der Steglitz-Zehlendorfer Kunstausstellung in Zusammenarbeit mit dem Kulturamt, startet das Charit\u00e9-Klinikum Benjamin Franklin in Steglitz nun eine eigene Ausstellungsreihe und sucht Werke von K\u00fcnstlern, Mitarbeitern und gehandicapten Menschen.<\/strong><\/p>\n<p><!--more-->Ziel der Ausstellung ist sei es, &#8220;durch \u00e4sthetische Bereicherung auch die Heilung der Patientinnen und Patienten beg\u00fcnstigen&#8221;. Dazu werden die Bilder von einer Jury ausgew\u00e4hlt und f\u00fcr drei Monate im Klinikum (R\u00e4umlichkeiten beim Eingang Klingsorstra\u00dfe) ausgestellt. Es gibt dazu jeweils eine Vernissage, die auch breit bekannt gegeben wird.<\/p>\n<p>Weitere Informationen unter:<\/p>\n<p><a href=\"http:\/\/www.charite.de\/charite\/organisation\/veranstaltungen\/ausstellungen\/projekt_kunst_im_krankenhaus\/\" target=\"_blank\">www.charite.de\/charite\/organisation\/veranstaltungen\/ausstellungen\/projekt_kunst_im_krankenhaus\/<\/a><\/p>\n","protected":false},"excerpt":{"rendered":"<p>Neben der allj\u00e4hrlichen &#8220;Kunstvisite&#8221;, der Steglitz-Zehlendorfer Kunstausstellung in Zusammenarbeit mit dem Kulturamt, startet das Charit\u00e9-Klinikum Benjamin Franklin in Steglitz nun eine eigene Ausstellungsreihe und sucht Werke von K\u00fcnstlern, Mitarbeitern und gehandicapten Menschen.<\/p>\n","protected":false},"author":3,"featured_media":0,"comment_status":"open","ping_status":"open","sticky":false,"template":"","format":"standard","meta":[],"categories":[4],"tags":[173,104,47,174,49],"_links":{"self":[{"href":"https:\/\/kulturinsz.de\/cms\/wp-json\/wp\/v2\/posts\/4399"}],"collection":[{"href":"https:\/\/kulturinsz.de\/cms\/wp-json\/wp\/v2\/posts"}],"about":[{"href":"https:\/\/kulturinsz.de\/cms\/wp-json\/wp\/v2\/types\/post"}],"author":[{"embeddable":true,"href":"https:\/\/kulturinsz.de\/cms\/wp-json\/wp\/v2\/users\/3"}],"replies":[{"embeddable":true,"href":"https:\/\/kulturinsz.de\/cms\/wp-json\/wp\/v2\/comments?post=4399"}],"version-history":[{"count":5,"href":"https:\/\/kulturinsz.de\/cms\/wp-json\/wp\/v2\/posts\/4399\/revisions"}],"predecessor-version":[{"id":5200,"href":"https:\/\/kulturinsz.de\/cms\/wp-json\/wp\/v2\/posts\/4399\/revisions\/5200"}],"wp:attachment":[{"href":"https:\/\/kulturinsz.de\/cms\/wp-json\/wp\/v2\/media?parent=4399"}],"wp:term":[{"taxonomy":"category","embeddable":true,"href":"https:\/\/kulturinsz.de\/cms\/wp-json\/wp\/v2\/categories?post=4399"},{"taxonomy":"post_tag","embeddable":true,"href":"https:\/\/kulturinsz.de\/cms\/wp-json\/wp\/v2\/tags?post=4399"}],"curies":[{"name":"wp","href":"https:\/\/api.w.org\/{rel}","templated":true}]}}