{"id":4782,"date":"2014-10-15T18:59:38","date_gmt":"2014-10-15T16:59:38","guid":{"rendered":"http:\/\/kulturinsz.de\/cms\/?p=4782"},"modified":"2014-10-15T18:59:38","modified_gmt":"2014-10-15T16:59:38","slug":"neue-klassik-konzert-location-in-zehlendorf","status":"publish","type":"post","link":"https:\/\/kulturinsz.de\/cms\/aktuelles\/neue-klassik-konzert-location-in-zehlendorf\/","title":{"rendered":"Neue Klassik-Konzert-Location in Zehlendorf"},"content":{"rendered":"<p><a href=\"http:\/\/kulturinsz.de\/cms\/wp-content\/uploads\/2014\/10\/tomasa_klassik.jpg\"><img loading=\"lazy\" class=\"alignleft size-medium wp-image-4784\" src=\"http:\/\/kulturinsz.de\/cms\/wp-content\/uploads\/2014\/10\/tomasa_klassik-225x300.jpg\" alt=\"tomasa_klassik\" width=\"225\" height=\"300\" srcset=\"https:\/\/kulturinsz.de\/cms\/wp-content\/uploads\/2014\/10\/tomasa_klassik-225x300.jpg 225w, https:\/\/kulturinsz.de\/cms\/wp-content\/uploads\/2014\/10\/tomasa_klassik-768x1024.jpg 768w\" sizes=\"(max-width: 225px) 100vw, 225px\" \/><\/a>Der Primussaal, gelegen an der Ecke Berliner Stra\u00dfe \/ Gartenstra\u00dfe in Zehlendorf Mitte, wird zu neuem kulturellem Leben erwachen: Die Ehefrau des M\u00f6belhaus-Inhabers Krieger, Barbara Krieger, wird zusammen mit dem Team des Tomasa-Restaurants eine Veranstaltungsreihe unter dem Titel &#8220;Casual Concerts&#8221; aus der Taufe heben. Konzept ist es hier, in gem\u00fctlicher Atmosph\u00e4re mit Sofas und Sesseln und gutem Essen Klassik genie\u00dfen zu k\u00f6nnen.<\/p>\n<p>Mehr Infos unter:<\/p>\n<p><a href=\"http:\/\/www.casual-concerts.de\" target=\"_blank\">www.casual-concerts.de<\/a><\/p>\n","protected":false},"excerpt":{"rendered":"<p>Der Primussaal, gelegen an der Ecke Berliner Stra\u00dfe \/ Gartenstra\u00dfe in Zehlendorf Mitte, wird zu neuem kulturellem Leben erwachen: Die Ehefrau des M\u00f6belhaus-Inhabers Krieger, Barbara Krieger, wird zusammen mit dem Team des Tomasa-Restaurants eine Veranstaltungsreihe unter dem Titel &#8220;Casual Concerts&#8221; &hellip; <a href=\"https:\/\/kulturinsz.de\/cms\/aktuelles\/neue-klassik-konzert-location-in-zehlendorf\/\">Weiterlesen <span class=\"meta-nav\">&rarr;<\/span><\/a><\/p>\n","protected":false},"author":3,"featured_media":0,"comment_status":"open","ping_status":"open","sticky":false,"template":"","format":"standard","meta":[],"categories":[4],"tags":[173,175,36,13],"_links":{"self":[{"href":"https:\/\/kulturinsz.de\/cms\/wp-json\/wp\/v2\/posts\/4782"}],"collection":[{"href":"https:\/\/kulturinsz.de\/cms\/wp-json\/wp\/v2\/posts"}],"about":[{"href":"https:\/\/kulturinsz.de\/cms\/wp-json\/wp\/v2\/types\/post"}],"author":[{"embeddable":true,"href":"https:\/\/kulturinsz.de\/cms\/wp-json\/wp\/v2\/users\/3"}],"replies":[{"embeddable":true,"href":"https:\/\/kulturinsz.de\/cms\/wp-json\/wp\/v2\/comments?post=4782"}],"version-history":[{"count":1,"href":"https:\/\/kulturinsz.de\/cms\/wp-json\/wp\/v2\/posts\/4782\/revisions"}],"predecessor-version":[{"id":4785,"href":"https:\/\/kulturinsz.de\/cms\/wp-json\/wp\/v2\/posts\/4782\/revisions\/4785"}],"wp:attachment":[{"href":"https:\/\/kulturinsz.de\/cms\/wp-json\/wp\/v2\/media?parent=4782"}],"wp:term":[{"taxonomy":"category","embeddable":true,"href":"https:\/\/kulturinsz.de\/cms\/wp-json\/wp\/v2\/categories?post=4782"},{"taxonomy":"post_tag","embeddable":true,"href":"https:\/\/kulturinsz.de\/cms\/wp-json\/wp\/v2\/tags?post=4782"}],"curies":[{"name":"wp","href":"https:\/\/api.w.org\/{rel}","templated":true}]}}