{"id":4821,"date":"2014-11-06T16:07:47","date_gmt":"2014-11-06T15:07:47","guid":{"rendered":"http:\/\/kulturinsz.de\/cms\/?p=4821"},"modified":"2014-11-06T19:11:13","modified_gmt":"2014-11-06T18:11:13","slug":"feierlichkeiten-zum-9-november","status":"publish","type":"post","link":"https:\/\/kulturinsz.de\/cms\/aktuelles\/feierlichkeiten-zum-9-november\/","title":{"rendered":"Feierlichkeiten zum 9. November"},"content":{"rendered":"<p><a href=\"http:\/\/kulturinsz.de\/cms\/wp-content\/uploads\/2014\/11\/Foto-24.10.14-14-02-01-e1415285884714.jpg\"><img loading=\"lazy\" class=\"alignleft size-medium wp-image-4822\" src=\"http:\/\/kulturinsz.de\/cms\/wp-content\/uploads\/2014\/11\/Foto-24.10.14-14-02-01-e1415285884714-199x300.jpg\" alt=\"Foto 24.10.14 14 02 01\" width=\"199\" height=\"300\" srcset=\"https:\/\/kulturinsz.de\/cms\/wp-content\/uploads\/2014\/11\/Foto-24.10.14-14-02-01-e1415285884714-199x300.jpg 199w, https:\/\/kulturinsz.de\/cms\/wp-content\/uploads\/2014\/11\/Foto-24.10.14-14-02-01-e1415285884714-681x1024.jpg 681w, https:\/\/kulturinsz.de\/cms\/wp-content\/uploads\/2014\/11\/Foto-24.10.14-14-02-01-e1415285884714.jpg 1672w\" sizes=\"(max-width: 199px) 100vw, 199px\" \/><\/a>Eine Reihe von Veranstaltungen erwarten den Bezirk am 9. November. Es ist nicht nur der 25. Jahrestag des Mauerfalls, sondern auch Gedenktag der Reichsprogromnacht von 1938, in der j\u00fcdischer B\u00fcrger und B\u00fcrgerinnen durch die Nazis verfolgt und ermordet und allerorts in Deutschland Synagogen, Gesch\u00e4ftsr\u00e4ume, Wohnungen und Friedh\u00f6fe\u00a0 zerst\u00f6rt wurden.<\/p>\n<p>Doch im Einzelnen:<\/p>\n<p>Ab 10 Uhr und dann den Tag \u00fcber <!--more-->findet an der Glienicker Br\u00fccke die Festveranstaltung &#8220;25 Jahre Mauerfall&#8221; statt (siehe Bild).<\/p>\n<p>Um 11:30 Uhr wird vor dem Haus Limastra\u00dfe 2 am Mexikoplatz der Stolperstein f\u00fcr Dr. Max Cantor geputzt und es findet ein Gedenken f\u00fcr ihn statt.<\/p>\n<p>Um 12 Uhr wird an der <a title=\"Die \u201cSpiegelwand\u201d\" href=\"http:\/\/kulturinsz.de\/cms\/orte\/denkmaeler\/die-spiegelwand\/\">Spiegelwand<\/a> auf dem Hermann-Ehlers-Platz eine Gedenkveranstaltung zur Reichsprogramnacht stattfinden.<\/p>\n<p>Gegen 12:00 Uhr, werden in unmittelbarer N\u00e4he des Mexikoplatzes \u2028sieben Stolpersteine verlegt:<br \/>\nvor dem Haus Argentinische Allee 4 \u00a0\u00a0\u00a0\u00a0\u00a0\u00a0\u00a0\u00a0\u00a0 f\u00fcr Carl, Lotte-Johanna und Marie Fuchs,<br \/>\nf\u00fcr Bruno und Karoline Mannheim,<br \/>\nf\u00fcr Lieselotte und K\u00e4the Neumann,<br \/>\nvor dem Haus Argentinische Allee 20\u00a0\u00a0\u00a0\u00a0\u00a0\u00a0\u00a0\u00a0 f\u00fcr Elsbeth-Luise Epstein<\/p>\n<p>Um 13:30 Uhr werden weitere drei Stolpersteine \u2028vor dem Haus Schweitzer Stra\u00dfe 27\u00a0\u00a0\u00a0\u00a0\u00a0\u00a0\u00a0\u00a0\u00a0\u00a0 f\u00fcr Emil und K\u00e4the Block und f\u00fcr Anna Land\u00e9 verlegt.<\/p>\n<p>(Wir danken dem Evangelischen Kirchenkreis f\u00fcr die Infomationen zu den Stolpersteinen).<\/p>\n<p>Und last but not least wird berlinweit mit 8000 leuchtenden Luftballons entlang des ehemaligen Mauerverlaufs der friedlichen Revolution gedacht, die zum Fall der Mauer f\u00fchrte. Es ist geplant, die dann Ballons um 19 Uhr steigen zu lassen. Weitere Infos dazu hier: <a href=\"https:\/\/fallofthewall25.com\/\">https:\/\/fallofthewall25.com\/<\/a><\/p>\n","protected":false},"excerpt":{"rendered":"<p>Eine Reihe von Veranstaltungen erwarten den Bezirk am 9. November. Es ist nicht nur der 25. Jahrestag des Mauerfalls, sondern auch Gedenktag der Reichsprogromnacht von 1938, in der j\u00fcdischer B\u00fcrger und B\u00fcrgerinnen durch die Nazis verfolgt und ermordet und allerorts &hellip; <a href=\"https:\/\/kulturinsz.de\/cms\/aktuelles\/feierlichkeiten-zum-9-november\/\">Weiterlesen <span class=\"meta-nav\">&rarr;<\/span><\/a><\/p>\n","protected":false},"author":3,"featured_media":0,"comment_status":"open","ping_status":"open","sticky":false,"template":"","format":"standard","meta":[],"categories":[4],"tags":[173,23,49,13],"_links":{"self":[{"href":"https:\/\/kulturinsz.de\/cms\/wp-json\/wp\/v2\/posts\/4821"}],"collection":[{"href":"https:\/\/kulturinsz.de\/cms\/wp-json\/wp\/v2\/posts"}],"about":[{"href":"https:\/\/kulturinsz.de\/cms\/wp-json\/wp\/v2\/types\/post"}],"author":[{"embeddable":true,"href":"https:\/\/kulturinsz.de\/cms\/wp-json\/wp\/v2\/users\/3"}],"replies":[{"embeddable":true,"href":"https:\/\/kulturinsz.de\/cms\/wp-json\/wp\/v2\/comments?post=4821"}],"version-history":[{"count":3,"href":"https:\/\/kulturinsz.de\/cms\/wp-json\/wp\/v2\/posts\/4821\/revisions"}],"predecessor-version":[{"id":4825,"href":"https:\/\/kulturinsz.de\/cms\/wp-json\/wp\/v2\/posts\/4821\/revisions\/4825"}],"wp:attachment":[{"href":"https:\/\/kulturinsz.de\/cms\/wp-json\/wp\/v2\/media?parent=4821"}],"wp:term":[{"taxonomy":"category","embeddable":true,"href":"https:\/\/kulturinsz.de\/cms\/wp-json\/wp\/v2\/categories?post=4821"},{"taxonomy":"post_tag","embeddable":true,"href":"https:\/\/kulturinsz.de\/cms\/wp-json\/wp\/v2\/tags?post=4821"}],"curies":[{"name":"wp","href":"https:\/\/api.w.org\/{rel}","templated":true}]}}