{"id":4958,"date":"2014-11-23T18:47:38","date_gmt":"2014-11-23T17:47:38","guid":{"rendered":"http:\/\/kulturinsz.de\/cms\/?p=4958"},"modified":"2014-11-24T16:42:21","modified_gmt":"2014-11-24T15:42:21","slug":"haus-rucker-co-architekturutopie-reloaded-im-haus-am-waldsee","status":"publish","type":"post","link":"https:\/\/kulturinsz.de\/cms\/aktuelles\/haus-rucker-co-architekturutopie-reloaded-im-haus-am-waldsee\/","title":{"rendered":"&#8220;Haus-Rucker-Co &#8211; Architekturutopie reloaded&#8221; im Haus am Waldsee"},"content":{"rendered":"<div id=\"attachment_4959\" style=\"width: 310px\" class=\"wp-caption alignleft\"><a href=\"http:\/\/kulturinsz.de\/cms\/wp-content\/uploads\/2014\/11\/IMG_3850.jpg\"><img aria-describedby=\"caption-attachment-4959\" loading=\"lazy\" class=\"wp-image-4959 size-medium\" src=\"http:\/\/kulturinsz.de\/cms\/wp-content\/uploads\/2014\/11\/IMG_3850-300x225.jpg\" alt=\"\" width=\"300\" height=\"225\" srcset=\"https:\/\/kulturinsz.de\/cms\/wp-content\/uploads\/2014\/11\/IMG_3850-300x225.jpg 300w, https:\/\/kulturinsz.de\/cms\/wp-content\/uploads\/2014\/11\/IMG_3850-1024x768.jpg 1024w\" sizes=\"(max-width: 300px) 100vw, 300px\" \/><\/a><p id=\"caption-attachment-4959\" class=\"wp-caption-text\">G\u00fcnter Zank Kelp vor einer fr\u00fchen Vision pneumatischer Architektur der Gruppe Haus-Rucker-Co<\/p><\/div>\n<p>Die neue Ausstellung im <a title=\"Haus am Waldsee\" href=\"http:\/\/kulturinsz.de\/cms\/orte\/museen\/haus-am-waldsee\/\">Haus am Waldsee<\/a> befasst sich mit der Gruppe \u201eHaus-Rucker-Co\u201c, einer Gruppe aus bildenden K\u00fcnstlern, Architekten, und Designern, die sich an der Wiener Hochschule gegen Ende der 1960er Jahre gr\u00fcndete. Die Welt bot damals beiderlei: dystopische Zukunftsvision von Vergiftung der Umwelt, aber auch ein noch gr\u00f6\u00dftenteils ungebrochenes Vertrauen in die M\u00f6glichkeiten fantastischer Technik. Erstmals \u00f6ffnen die Gr\u00fcnder der Gruppe G\u00fcnter Zamp Kelp, Klaus Pinter und Laurids Ortner (Ortner &amp; Ortner) ihre mittlerweile in Berlin gelegenen Archive, so dass im Haus am Waldsee <!--more-->vom 22. November 2014 bis 22. Februar 2015 ein umfangreicher Blick auf das Schaffen von Haus-Rucker-Co m\u00f6glich wird.<img title=\"Read More...\" src=\"data:image\/gif;base64,R0lGODlhAQABAIAAAAAAAP\/\/\/yH5BAEAAAAALAAAAAABAAEAAAIBRAA7\" alt=\"\" data-wp-more=\"\" data-mce-resize=\"false\" data-mce-placeholder=\"1\" \/><\/p>\n<p>Bereits gegen Ende ihres Studiums entwickelten die Protagonisten (und das \u201e-CO\u201c steht hier nicht etwa f\u00fcr eine Firma, sondern f\u00fcr eine Cooperative) einen neuen Architekturbegriff f\u00fcr radikal ver\u00e4nderte Lebensformen. Alles schien nun denkbar zu werden: aufblasbare R\u00e4ume au\u00dferhalb der Fassaden bestehender Geb\u00e4ude bis hin zu Traglufthallen und partizipatorischer Interventionen in die Kulturlandschaft der Stadt. Ein neuer Begriff von Haus, der auch ephemere Formen einbezieht, war ein erkl\u00e4rtes Ziel der Gruppe.<\/p>\n<div id=\"attachment_4960\" style=\"width: 310px\" class=\"wp-caption alignright\"><a href=\"http:\/\/kulturinsz.de\/cms\/wp-content\/uploads\/2014\/11\/IMG_3861.jpg\"><img aria-describedby=\"caption-attachment-4960\" loading=\"lazy\" class=\"size-medium wp-image-4960\" src=\"http:\/\/kulturinsz.de\/cms\/wp-content\/uploads\/2014\/11\/IMG_3861-300x225.jpg\" alt=\"Intervention ins Stadtbild\" width=\"300\" height=\"225\" srcset=\"https:\/\/kulturinsz.de\/cms\/wp-content\/uploads\/2014\/11\/IMG_3861-300x225.jpg 300w, https:\/\/kulturinsz.de\/cms\/wp-content\/uploads\/2014\/11\/IMG_3861-1024x768.jpg 1024w\" sizes=\"(max-width: 300px) 100vw, 300px\" \/><\/a><p id=\"caption-attachment-4960\" class=\"wp-caption-text\">Modell: Intervention ins Stadtbild anl\u00e4\u00dflich der documenta 6 in Kassel<\/p><\/div>\n<p>Dabei endete die Arbeit der Gruppe nicht im Bereich Architektur: ein breites weiteres Feld von Projekten entstand und einige davon werden auch im Haus am Waldsee ausgestellt. Zu sehen sind unter anderem \u201ebewu\u00dftseinserweiternde Apparate\u201c, Original-Modelle, Filme, Collagen und Zeichnungen.<\/p>\n<p>Gemeinsam ist allen Exponaten: Kunst, Architektur, Design aber auch Stadt als solche sollen Spa\u00df machen. Der Betrachter wird durch den partizipativen Ansatz dabei vom blo\u00dfen Anschauer zum Nutzer der Objekte.<\/p>\n<div id=\"attachment_4961\" style=\"width: 310px\" class=\"wp-caption alignleft\"><a href=\"http:\/\/kulturinsz.de\/cms\/wp-content\/uploads\/2014\/11\/IMG_3838.jpg\"><img aria-describedby=\"caption-attachment-4961\" loading=\"lazy\" class=\"size-medium wp-image-4961\" src=\"http:\/\/kulturinsz.de\/cms\/wp-content\/uploads\/2014\/11\/IMG_3838-300x225.jpg\" alt=\"Mind-Expander\u201c: Ger\u00e4te zur Erschlie\u00dfung neuer Wahrnehmungsfelder auch ohne den Eisatz von Drogen. Es befinden sich verschiedene Vorrichtungen in den Ger\u00e4ten, um auditive und visuelle Reize zu erzeugen.\" width=\"300\" height=\"225\" srcset=\"https:\/\/kulturinsz.de\/cms\/wp-content\/uploads\/2014\/11\/IMG_3838-300x225.jpg 300w, https:\/\/kulturinsz.de\/cms\/wp-content\/uploads\/2014\/11\/IMG_3838-1024x768.jpg 1024w\" sizes=\"(max-width: 300px) 100vw, 300px\" \/><\/a><p id=\"caption-attachment-4961\" class=\"wp-caption-text\">Mind-Expander\u201c: Ger\u00e4te zur Erschlie\u00dfung neuer Wahrnehmungsfelder auch ohne den Eisatz von Drogen. Es befinden sich verschiedene Vorrichtungen in den Ger\u00e4ten, um auditive und visuelle Reize zu erzeugen.<\/p><\/div>\n<p align=\"JUSTIFY\">Die Anleihen, die Haus-Rucker-Co dabei nimmt, sind vielf\u00e4ltig: von russischem Konstruktivismus \u00fcber Olafur Eliasson bis hin zu Sarazeno und raumLabor.<\/p>\n<p>Es gelingt der Ausstellung hierbei sehr anschaulich (und dar\u00fcber hinaus auch \u201emitmachlich\u201c), die selbst gestellte Aufgabe einer Werkschau 1967-1977 zu realisieren und den Schatz eines Aufbruches aus gewohnten Wahrnehmungsbahnen zu heben.<\/p>\n<p>Eine umfangreiche \u00dcbersicht zu \u00d6ffnungszeiten und Sonderterminen im Rahmen dieser Ausstellung finden Sie <a href=\"http:\/\/kulturinsz.de\/cms\/aktuelles\/events\/haus-rucker-co-architekturutopie-reloaded\/\">hier<\/a>.<\/p>\n<div id=\"attachment_4962\" style=\"width: 610px\" class=\"wp-caption aligncenter\"><a href=\"http:\/\/kulturinsz.de\/cms\/wp-content\/uploads\/2014\/11\/IMG_3856.jpg\"><img aria-describedby=\"caption-attachment-4962\" loading=\"lazy\" class=\"wp-image-4962\" src=\"http:\/\/kulturinsz.de\/cms\/wp-content\/uploads\/2014\/11\/IMG_3856-1024x768.jpg\" alt=\"Betretbares Objekt von Haus-Rucker-Co\" width=\"600\" height=\"450\" srcset=\"https:\/\/kulturinsz.de\/cms\/wp-content\/uploads\/2014\/11\/IMG_3856-1024x768.jpg 1024w, https:\/\/kulturinsz.de\/cms\/wp-content\/uploads\/2014\/11\/IMG_3856-300x225.jpg 300w\" sizes=\"(max-width: 600px) 100vw, 600px\" \/><\/a><p id=\"caption-attachment-4962\" class=\"wp-caption-text\">Betretbares Objekt von Haus-Rucker-Co<\/p><\/div>\n<p style=\"margin-bottom: 0cm;\">\n","protected":false},"excerpt":{"rendered":"<p>Die neue Ausstellung im Haus am Waldsee befasst sich mit der Gruppe \u201eHaus-Rucker-Co\u201c, einer Gruppe aus bildenden K\u00fcnstlern, Architekten, und Designern, die sich an der Wiener Hochschule gegen Ende der 1960er Jahre gr\u00fcndete. Die Welt bot damals beiderlei: dystopische Zukunftsvision &hellip; <a href=\"https:\/\/kulturinsz.de\/cms\/aktuelles\/haus-rucker-co-architekturutopie-reloaded-im-haus-am-waldsee\/\">Weiterlesen <span class=\"meta-nav\">&rarr;<\/span><\/a><\/p>\n","protected":false},"author":3,"featured_media":0,"comment_status":"open","ping_status":"open","sticky":false,"template":"","format":"standard","meta":[],"categories":[4],"tags":[173,57,13],"_links":{"self":[{"href":"https:\/\/kulturinsz.de\/cms\/wp-json\/wp\/v2\/posts\/4958"}],"collection":[{"href":"https:\/\/kulturinsz.de\/cms\/wp-json\/wp\/v2\/posts"}],"about":[{"href":"https:\/\/kulturinsz.de\/cms\/wp-json\/wp\/v2\/types\/post"}],"author":[{"embeddable":true,"href":"https:\/\/kulturinsz.de\/cms\/wp-json\/wp\/v2\/users\/3"}],"replies":[{"embeddable":true,"href":"https:\/\/kulturinsz.de\/cms\/wp-json\/wp\/v2\/comments?post=4958"}],"version-history":[{"count":7,"href":"https:\/\/kulturinsz.de\/cms\/wp-json\/wp\/v2\/posts\/4958\/revisions"}],"predecessor-version":[{"id":4971,"href":"https:\/\/kulturinsz.de\/cms\/wp-json\/wp\/v2\/posts\/4958\/revisions\/4971"}],"wp:attachment":[{"href":"https:\/\/kulturinsz.de\/cms\/wp-json\/wp\/v2\/media?parent=4958"}],"wp:term":[{"taxonomy":"category","embeddable":true,"href":"https:\/\/kulturinsz.de\/cms\/wp-json\/wp\/v2\/categories?post=4958"},{"taxonomy":"post_tag","embeddable":true,"href":"https:\/\/kulturinsz.de\/cms\/wp-json\/wp\/v2\/tags?post=4958"}],"curies":[{"name":"wp","href":"https:\/\/api.w.org\/{rel}","templated":true}]}}