{"id":5031,"date":"2014-12-09T20:51:14","date_gmt":"2014-12-09T19:51:14","guid":{"rendered":"http:\/\/kulturinsz.de\/cms\/?p=5031"},"modified":"2014-12-10T20:55:29","modified_gmt":"2014-12-10T19:55:29","slug":"interkulturelles-projekt-berliner-suedwesten-und-globaler-sueden","status":"publish","type":"post","link":"https:\/\/kulturinsz.de\/cms\/aktuelles\/interkulturelles-projekt-berliner-suedwesten-und-globaler-sueden\/","title":{"rendered":"Interkulturelles Projekt: Berliner S\u00fcdwesten und globaler S\u00fcden"},"content":{"rendered":"<p><a href=\"http:\/\/kulturinsz.de\/cms\/wp-content\/uploads\/2014\/12\/szi.jpg\"><img loading=\"lazy\" class=\"alignleft  wp-image-5033\" src=\"http:\/\/kulturinsz.de\/cms\/wp-content\/uploads\/2014\/12\/szi.jpg\" alt=\"szi\" width=\"264\" height=\"96\" srcset=\"https:\/\/kulturinsz.de\/cms\/wp-content\/uploads\/2014\/12\/szi.jpg 471w, https:\/\/kulturinsz.de\/cms\/wp-content\/uploads\/2014\/12\/szi-300x108.jpg 300w\" sizes=\"(max-width: 264px) 100vw, 264px\" \/><\/a><em><strong>&#8220;Entwicklungspolitische Bildungsarbeit mit internationaler Jugendarbeit&#8221; &#8211; so lautet der Grundsatz des interkulturellen Projektes &#8220;Steglitz-Zehlendorf Intenational&#8221; des Bezirksamtes. Die etwas sperrigen Schlagw\u00f6rter stehen dabei f\u00fcr das Prinzip &#8220;Global denken &#8211; lokal handeln&#8221;.<\/strong> <\/em><\/p>\n<p>Sehr konkret sollen die Jugendlichen im Rahmen dieses Projektes einen Einblick in globale Zusammenh\u00e4nge bekommen: Wie sieht das Leben und der Alltag von<!--more--> Jugendlichen aus L\u00e4ndern der anderen Hemisph\u00e4re aus? Was bedeuten die g\u00fcnstigen Preise bestimmter Kleidermarktketten f\u00fcr die Arbeiter in den Herstellerl\u00e4ndern der Kleidung? Woher kommt mein Essen?<\/p>\n<p>Das Projekt soll dabei keine Einbahnstra\u00dfe sein, sondern auch den Jugendlichen aus dem S\u00fcden selbst Bildung vermitteln. Dazu sind Reisen zum Austausch, Workshops und Projekttage geplant. Das Netzwerk dazu bilden Tr\u00e4ger der Jugendhilfe wie die AG M\u00e4dchenf\u00f6rderung, Bus-Stop e.V., Zephir e.V., die H\u00e4user der Jugend in Zehlendorf und Steglitz, der Mittelhof mit seinen Einrichtungen, das Stadtteilzentrum Steglitz sowie Schulen des Bezirks.<\/p>\n<p><em><strong>Besuch aus Peru &#8211; &#8220;El camino del caf\u00e9 &#8211; Der Weg des Kaffees&#8221;<\/strong><\/em><\/p>\n<div style=\"width: 296px\" class=\"wp-caption alignright\"><a href=\"http:\/\/www.szi-berlin.de\/files\/fM_k0002\/photos\/centro-ecologico1.jpg\"><img loading=\"lazy\" src=\"http:\/\/www.szi-berlin.de\/files\/fM_k0002\/photos\/centro-ecologico1.jpg\" alt=\"\" width=\"286\" height=\"206\" \/><\/a><p class=\"wp-caption-text\">&#8220;Oro verde&#8221; &#8211; Projektpartner in Peru<\/p><\/div>\n<p>Dieses konkrete Projekt ist f\u00fcr 2015 geplant: Im Projekt werden zwischen April und Juni 2015 vier junge Erwachsene in Berlin zusammenkommen und Workshops f\u00fcr Sch\u00fcler zum Thema \u201cDer Weg des Kaffees\u201d ausarbeiten, die sie dann mit Sch\u00fclern und Jugendlichen im Bezirk durchf\u00fchren werden. Die Workshops werden dabei auf Spanisch zusammen mit der Landwirtschafts-Kooperative &#8220;Oro verde&#8221; durchgef\u00fchrt. Nach dem Aufenthalt in Berlin werden die vier Teilnehmer ihre Arbeit f\u00fcr drei Monate in Peru fortsetzen.<\/p>\n<p>Die m\u00f6glichen Inhalte des Workshops sind, wie der Name schon andeutet, alle Themen von der Kaffeepflanzung bis zur Tasse Kaffee oder dem weggeworfenen Kaffeebecher. Dabei sollen vor allem globale Zusammenh\u00e4nge thematisiert werden, aber auch die einzelnen Schritte der Kaffeeproduktion, Kaffeekultur, \u00f6kologischer Anbau und Fair-Trade sind m\u00f6gliche Workshopthemen. Die Ausarbeitung der Schwerpunkte liegt letztendlich in der Hand der vier Jugendlichen, die am Austausch teilnehmen.<\/p>\n<div style=\"width: 314px\" class=\"wp-caption alignleft\"><a href=\"http:\/\/www.szi-berlin.de\/files\/Downloads\/photos\/photos\/IMG_2892buerger.jpg\"><img loading=\"lazy\" src=\"http:\/\/www.szi-berlin.de\/files\/Downloads\/photos\/photos\/IMG_2892buerger.jpg\" alt=\"\" width=\"304\" height=\"456\" \/><\/a><p class=\"wp-caption-text\">B\u00fcrgermeister und Stadtr\u00e4tin mit Vertretern von &#8220;Oro Verde&#8221;<\/p><\/div>\n<p>Damit der Workshop an verschiedenen Stationen durchgef\u00fchrt werden kann, wurden w\u00e4hrend der Ausarbeitung des Konzepts in Berlin verschiedene Einrichtungen besucht und m\u00f6gliche Kooperationen bspw. mit dem Botanischen Garten, der Dom\u00e4ne Dahlem oder der Peter-Lenn\u00e9-Schule vereinbart. Au\u00dferdem wurden die ersten Kontakte mit Schulen im Bezirk Steglitz-Zehlendorf gekn\u00fcpft.<\/p>\n<p>Zus\u00e4tzlich zu den Workshops sollen die Austauschteilnehmer als Multiplikatoren und Initiatoren neuer Kooperationen fungieren, da sie die M\u00f6glichkeit haben werden in beiden Partnergemeinden Personen, Einrichtungen, Potentiale und Notwendigkeiten kennenzulernen.<\/p>\n<p><strong><em>Bewerbungsphasen: 10. Januar 2015 und 31.Januar 2015<br \/>\n<\/em><\/strong><\/p>\n<p>F\u00fcr das Projekt &#8220;El camino del caf\u00e9 &#8211; Der Weg des Kaffees&#8221; sind noch zwei Pl\u00e4tze f\u00fcr Personen im Alter von 21-30 Jahren frei. Gefragt sind Studierende oder Arbeitende der Bereiche Landwirtschaft, Gartenbau, Forstwirtschaft, Umweltwirtschaft, Umweltwissenschaften, Umweltp\u00e4dagogik, Nachhaltigkeit, Umwelt- und Ressourcenmanagement, Biologie, Anthropologie, Soziologie, Soziale Arbeit\u2028. Die Praxisphase liegt dabei innerhalb von 6 Monate zwischen April und Oktober 2015, die Orte sind in Peru und Deutschland. N\u00e4here Infos dazu finden sich unter:<br \/>\n<a href=\"http:\/\/www.asa-programm.de\/nc\/teilnahme\/projektdetail\/projekt\/von_der_bohne_in_die_tasse_workshops_zu_den_wegen_von_kakao_und_kaffee_im_globalen_kontext.html\" target=\"_blank\">www.asa-programm.de\/nc\/teilnahme\/projektdetail\/projekt\/von_der_bohne_in_die_tasse_workshops_zu_den_wegen_von_kakao_und_kaffee_im_globalen_kontext.html<\/a><\/p>\n<p>Bis zum 31. Januar k\u00f6nnen einzelne eigene Teil-Projekte innerhalb des Gesamtprojektes &#8220;Steglitz-Zehlendorf International&#8221; beantragt werden. N\u00e4here Infos dazu unter:<br \/>\n<a href=\"http:\/\/www.szi-berlin.de\" target=\"_blank\">www.szi-berlin.de<\/a><\/p>\n","protected":false},"excerpt":{"rendered":"<p>&#8220;Entwicklungspolitische Bildungsarbeit mit internationaler Jugendarbeit&#8221; &#8211; so lautet der Grundsatz des interkulturellen Projektes &#8220;Steglitz-Zehlendorf Intenational&#8221; des Bezirksamtes. Die etwas sperrigen Schlagw\u00f6rter stehen dabei f\u00fcr das Prinzip &#8220;Global denken &#8211; lokal handeln&#8221;. Sehr konkret sollen die Jugendlichen im Rahmen dieses Projektes &hellip; <a href=\"https:\/\/kulturinsz.de\/cms\/aktuelles\/interkulturelles-projekt-berliner-suedwesten-und-globaler-sueden\/\">Weiterlesen <span class=\"meta-nav\">&rarr;<\/span><\/a><\/p>\n","protected":false},"author":3,"featured_media":0,"comment_status":"open","ping_status":"open","sticky":false,"template":"","format":"standard","meta":[],"categories":[4],"tags":[59,54,55,49,123,13],"_links":{"self":[{"href":"https:\/\/kulturinsz.de\/cms\/wp-json\/wp\/v2\/posts\/5031"}],"collection":[{"href":"https:\/\/kulturinsz.de\/cms\/wp-json\/wp\/v2\/posts"}],"about":[{"href":"https:\/\/kulturinsz.de\/cms\/wp-json\/wp\/v2\/types\/post"}],"author":[{"embeddable":true,"href":"https:\/\/kulturinsz.de\/cms\/wp-json\/wp\/v2\/users\/3"}],"replies":[{"embeddable":true,"href":"https:\/\/kulturinsz.de\/cms\/wp-json\/wp\/v2\/comments?post=5031"}],"version-history":[{"count":6,"href":"https:\/\/kulturinsz.de\/cms\/wp-json\/wp\/v2\/posts\/5031\/revisions"}],"predecessor-version":[{"id":5039,"href":"https:\/\/kulturinsz.de\/cms\/wp-json\/wp\/v2\/posts\/5031\/revisions\/5039"}],"wp:attachment":[{"href":"https:\/\/kulturinsz.de\/cms\/wp-json\/wp\/v2\/media?parent=5031"}],"wp:term":[{"taxonomy":"category","embeddable":true,"href":"https:\/\/kulturinsz.de\/cms\/wp-json\/wp\/v2\/categories?post=5031"},{"taxonomy":"post_tag","embeddable":true,"href":"https:\/\/kulturinsz.de\/cms\/wp-json\/wp\/v2\/tags?post=5031"}],"curies":[{"name":"wp","href":"https:\/\/api.w.org\/{rel}","templated":true}]}}