{"id":5192,"date":"2015-03-03T14:42:06","date_gmt":"2015-03-03T13:42:06","guid":{"rendered":"http:\/\/kulturinsz.de\/cms\/?p=5192"},"modified":"2015-03-03T14:56:30","modified_gmt":"2015-03-03T13:56:30","slug":"high-eine-jugend-in-steglitz-zehlendorf","status":"publish","type":"post","link":"https:\/\/kulturinsz.de\/cms\/literatur\/high-eine-jugend-in-steglitz-zehlendorf\/","title":{"rendered":"&#8220;High&#8221;: Eine Jugend in Steglitz-Zehlendorf"},"content":{"rendered":"<div style=\"width: 260px\" class=\"wp-caption alignleft\"><a href=\"http:\/\/www.amazon.de\/gp\/product\/3862653986\/ref=as_li_tl?ie=UTF8&amp;camp=1638&amp;creative=19454&amp;creativeASIN=3862653986&amp;linkCode=as2&amp;tag=wwwkultde-21&amp;linkId=65TYWQX34D4YL244\"><img loading=\"lazy\" src=\"http:\/\/ws-eu.amazon-adsystem.com\/widgets\/q?_encoding=UTF8&amp;ASIN=3862653986&amp;Format=_SL250_&amp;ID=AsinImage&amp;MarketPlace=DE&amp;ServiceVersion=20070822&amp;WS=1&amp;tag=wwwkultde-21\" alt=\"\" width=\"250\" height=\"250\" border=\"0\" \/><\/a><p class=\"wp-caption-text\">Karen Olrogge: &#8220;High&#8221;<\/p><\/div>\n<p><img loading=\"lazy\" style=\"border: none !important; margin: 0px !important;\" src=\"http:\/\/ir-de.amazon-adsystem.com\/e\/ir?t=wwwkultde-21&amp;l=as2&amp;o=3&amp;a=3862653986\" alt=\"\" width=\"1\" height=\"1\" border=\"0\" \/>\u201eIch denke, dass es vielen Jugendlichen in Zehlendorf so geht, wie es Ella geht. Dass man etwas gelangweilt ist, vielleicht auch resigniert\u201c, sagt Ollrogge. Die 17-J\u00e4hrige hat neben frei Erfundenem und Beobachtungen in ihrem Umfeld auch viele pers\u00f6nliche Erfahrungen in ihr Erstlingswerk einflie\u00dfen lassen. Und wenn sie Ella durch W\u00e4lder streifen, ihre Nachmittage am Schlachtensee verbringen oder die riesigen H\u00e4user in ihrer Wohngegend thematisieren l\u00e4sst, bezieht sich Ollrogge immer wieder auf den Bezirk, dessen Geborgenheit Ella zunehmend zu entfliehen versucht. \u201eWas war nur falsch mit unserer Jugend? Wir lebten in Zehlendorf, verdammt noch mal. Was sollten denn die Kinder mit richtigen Problemen sagen?\u201c, hei\u00dft es an einer Stelle im Roman.<\/p>\n<p>Es ist die altbekannte Verwunderung \u00fcber &#8230;<!--more--> <a href=\"http:\/\/www.abendblatt-berlin.de\/2015\/02\/21\/zerruettet-in-zehlendorf\/\" target=\"_blank\">&lt;Weiterlesen im Abendblatt&gt;<\/a><\/p>\n","protected":false},"excerpt":{"rendered":"<p>\u201eIch denke, dass es vielen Jugendlichen in Zehlendorf so geht, wie es Ella geht. Dass man etwas gelangweilt ist, vielleicht auch resigniert\u201c, sagt Ollrogge. Die 17-J\u00e4hrige hat neben frei Erfundenem und Beobachtungen in ihrem Umfeld auch viele pers\u00f6nliche Erfahrungen in &hellip; <a href=\"https:\/\/kulturinsz.de\/cms\/literatur\/high-eine-jugend-in-steglitz-zehlendorf\/\">Weiterlesen <span class=\"meta-nav\">&rarr;<\/span><\/a><\/p>\n","protected":false},"author":3,"featured_media":0,"comment_status":"open","ping_status":"open","sticky":false,"template":"","format":"standard","meta":[],"categories":[14],"tags":[173,176,125,10,13],"_links":{"self":[{"href":"https:\/\/kulturinsz.de\/cms\/wp-json\/wp\/v2\/posts\/5192"}],"collection":[{"href":"https:\/\/kulturinsz.de\/cms\/wp-json\/wp\/v2\/posts"}],"about":[{"href":"https:\/\/kulturinsz.de\/cms\/wp-json\/wp\/v2\/types\/post"}],"author":[{"embeddable":true,"href":"https:\/\/kulturinsz.de\/cms\/wp-json\/wp\/v2\/users\/3"}],"replies":[{"embeddable":true,"href":"https:\/\/kulturinsz.de\/cms\/wp-json\/wp\/v2\/comments?post=5192"}],"version-history":[{"count":2,"href":"https:\/\/kulturinsz.de\/cms\/wp-json\/wp\/v2\/posts\/5192\/revisions"}],"predecessor-version":[{"id":5194,"href":"https:\/\/kulturinsz.de\/cms\/wp-json\/wp\/v2\/posts\/5192\/revisions\/5194"}],"wp:attachment":[{"href":"https:\/\/kulturinsz.de\/cms\/wp-json\/wp\/v2\/media?parent=5192"}],"wp:term":[{"taxonomy":"category","embeddable":true,"href":"https:\/\/kulturinsz.de\/cms\/wp-json\/wp\/v2\/categories?post=5192"},{"taxonomy":"post_tag","embeddable":true,"href":"https:\/\/kulturinsz.de\/cms\/wp-json\/wp\/v2\/tags?post=5192"}],"curies":[{"name":"wp","href":"https:\/\/api.w.org\/{rel}","templated":true}]}}