{"id":5537,"date":"2015-06-26T12:48:07","date_gmt":"2015-06-26T10:48:07","guid":{"rendered":"http:\/\/kulturinsz.de\/cms\/?p=5537"},"modified":"2015-06-26T12:51:30","modified_gmt":"2015-06-26T10:51:30","slug":"stolpersteine-verlegt","status":"publish","type":"post","link":"https:\/\/kulturinsz.de\/cms\/aktuelles\/stolpersteine-verlegt\/","title":{"rendered":"Stolpersteine verlegt"},"content":{"rendered":"<div id=\"attachment_5539\" style=\"width: 269px\" class=\"wp-caption alignleft\"><a href=\"http:\/\/kulturinsz.de\/cms\/wp-content\/uploads\/2015\/06\/messow.jpg\"><img aria-describedby=\"caption-attachment-5539\" loading=\"lazy\" class=\"wp-image-5539 size-medium\" src=\"http:\/\/kulturinsz.de\/cms\/wp-content\/uploads\/2015\/06\/messow-259x300.jpg\" alt=\"messow\" width=\"259\" height=\"300\" srcset=\"https:\/\/kulturinsz.de\/cms\/wp-content\/uploads\/2015\/06\/messow-259x300.jpg 259w, https:\/\/kulturinsz.de\/cms\/wp-content\/uploads\/2015\/06\/messow.jpg 500w\" sizes=\"(max-width: 259px) 100vw, 259px\" \/><\/a><p id=\"caption-attachment-5539\" class=\"wp-caption-text\">Eine der mit einem Stolperstein bedachten, Elfriede Messow<\/p><\/div>\n<p>Am 25. Juni 2015 verlegte der K\u00f6lner K\u00fcnstler Gunter Demnig zehn Stolpersteine an sechs Steglitzer Orten.<\/p>\n<p>\u201eMit gro\u00dfem Engagement bem\u00fchen sich Stolpersteinpaten um die Recherche der Lebensl\u00e4ufe von NS-Opfern\u201c, sagt Katrin Rudolph, Vorsitzende des Netzwerks Erinnerungskultur im Kirchenkreis Steglitz. \u201eManche m\u00f6chten wissen, ob jemand aus ihrem Haus oder ihrer Stra\u00dfe deportiert wurde. Andere \u00fcbernehmen die Nachforschungen f\u00fcr Angeh\u00f6rige, die aus dem Ausland anfragen\u201c, erg\u00e4nzt sie.<\/p>\n<p>Dabei f\u00f6rdern die Paten immer wieder ersch\u00fctternde Informationen zutage: <!--more-->Zum Beispiel das Schicksal von K\u00e4the, Ernst und Beate Schlumberger, die in einer ausweglosen Situation gemeinschaftlichen Selbstmord begingen. Auf die Initiative von Susan Hamlyn aus Gro\u00dfbritannien kam diese Verlegung zustande. Ihre Mutter war die Schwester von K\u00e4the, sie selbst wird bei der Verlegung der drei Steine anwesend sein.<\/p>\n<p>Oder das Schicksal von Erna Stapf, die wie ihr Bruder Musikerin war. W\u00e4hrend er mit seiner Familie nach Argentinien emigrieren konnte, fl\u00fcchtete Erna 1942 nach Zagreb, wo sie unter anderem Namen eine Stelle in einem deutschen Kriegslazarett fand. Bis Januar 1945 blieb sie unentdeckt, vermutlich wurde sie sp\u00e4ter im KZ Jasenovac ermordet.<\/p>\n<p>Weitere Informationen:<br \/>\n<a href=\"http:\/\/10 weitere Stolpersteine in Steglitz   Am Donnerstag, 25. Juni 2015 zwischen 9:00 und 11:00 Uhr verlegt der K\u00f6lner K\u00fcnstler Gunter Demnig zehn Stolpersteine an sechs Steglitzer Orten. Das Netzwerk Erinnerungskultur des Kirchenkreises Steglitz l\u00e4dt zur Teilnahme ein.   \u201eMit gro\u00dfem Engagement bem\u00fchen sich Stolpersteinpaten um die Recherche der Lebensl\u00e4ufe von NS-Opfern\u201c, sagt Katrin Rudolph, Vorsitzende des Netzwerks Erinnerungskultur im Kirchenkreis Steglitz. \u201eManche m\u00f6chten wissen, ob jemand aus ihrem Haus oder ihrer Stra\u00dfe deportiert wurde. Andere \u00fcbernehmen die Nachforschungen f\u00fcr Angeh\u00f6rige, die aus dem Ausland anfragen\u201c, erg\u00e4nzt sie.   Dabei f\u00f6rdern die Paten immer wieder ersch\u00fctternde Informationen zutage: Zum Beispiel das Schicksal von K\u00e4the, Ernst und Beate Schlumberger, die in einer ausweglosen Situation gemeinschaftlichen Selbstmord begingen. Auf die Initiative von Susan Hamlyn aus Gro\u00dfbritannien kam diese Verlegung zustande. Ihre Mutter war die Schwester von K\u00e4the, sie selbst wird bei der Verlegung der drei Steine anwesend sein.   Oder das Schicksal von Erna Stapf, die wie ihr Bruder Musikerin war. W\u00e4hrend er mit seiner Familie nach Argentinien emigrieren konnte, fl\u00fcchtete Erna 1942 nach Zagreb, wo sie unter anderem Namen eine Stelle in einem deutschen Kriegslazarett fand. Bis Januar 1945 blieb sie unentdeckt, vermutlich wurde sie sp\u00e4ter im KZ Jasenovac ermordet.   Bild im Anhang aus Familienbesitz: Elfriede Messow (Abdruck frei)     Weitere Informationen: http:\/\/www.kirchenkreis-steglitz.de\/erinnerungskultur.html\">www.kirchenkreis-steglitz.de\/erinnerungskultur.html<\/a><\/p>\n<p>(Text: Kirchenkreis Steglitz)<\/p>\n","protected":false},"excerpt":{"rendered":"<p>Am 25. Juni 2015 verlegte der K\u00f6lner K\u00fcnstler Gunter Demnig zehn Stolpersteine an sechs Steglitzer Orten. \u201eMit gro\u00dfem Engagement bem\u00fchen sich Stolpersteinpaten um die Recherche der Lebensl\u00e4ufe von NS-Opfern\u201c, sagt Katrin Rudolph, Vorsitzende des Netzwerks Erinnerungskultur im Kirchenkreis Steglitz. \u201eManche &hellip; <a href=\"https:\/\/kulturinsz.de\/cms\/aktuelles\/stolpersteine-verlegt\/\">Weiterlesen <span class=\"meta-nav\">&rarr;<\/span><\/a><\/p>\n","protected":false},"author":3,"featured_media":0,"comment_status":"open","ping_status":"open","sticky":false,"template":"","format":"standard","meta":[],"categories":[4],"tags":[173,21,49,37],"_links":{"self":[{"href":"https:\/\/kulturinsz.de\/cms\/wp-json\/wp\/v2\/posts\/5537"}],"collection":[{"href":"https:\/\/kulturinsz.de\/cms\/wp-json\/wp\/v2\/posts"}],"about":[{"href":"https:\/\/kulturinsz.de\/cms\/wp-json\/wp\/v2\/types\/post"}],"author":[{"embeddable":true,"href":"https:\/\/kulturinsz.de\/cms\/wp-json\/wp\/v2\/users\/3"}],"replies":[{"embeddable":true,"href":"https:\/\/kulturinsz.de\/cms\/wp-json\/wp\/v2\/comments?post=5537"}],"version-history":[{"count":5,"href":"https:\/\/kulturinsz.de\/cms\/wp-json\/wp\/v2\/posts\/5537\/revisions"}],"predecessor-version":[{"id":5543,"href":"https:\/\/kulturinsz.de\/cms\/wp-json\/wp\/v2\/posts\/5537\/revisions\/5543"}],"wp:attachment":[{"href":"https:\/\/kulturinsz.de\/cms\/wp-json\/wp\/v2\/media?parent=5537"}],"wp:term":[{"taxonomy":"category","embeddable":true,"href":"https:\/\/kulturinsz.de\/cms\/wp-json\/wp\/v2\/categories?post=5537"},{"taxonomy":"post_tag","embeddable":true,"href":"https:\/\/kulturinsz.de\/cms\/wp-json\/wp\/v2\/tags?post=5537"}],"curies":[{"name":"wp","href":"https:\/\/api.w.org\/{rel}","templated":true}]}}