{"id":5571,"date":"2015-07-02T16:36:18","date_gmt":"2015-07-02T14:36:18","guid":{"rendered":"http:\/\/kulturinsz.de\/cms\/?p=5571"},"modified":"2015-07-02T16:36:18","modified_gmt":"2015-07-02T14:36:18","slug":"eroeffnung-nach-umzug-zum-suedwestkorso-mit-malerei-von-katja-kraemer","status":"publish","type":"post","link":"https:\/\/kulturinsz.de\/cms\/aktuelles\/eroeffnung-nach-umzug-zum-suedwestkorso-mit-malerei-von-katja-kraemer\/","title":{"rendered":"Er\u00f6ffnung nach Umzug zum S\u00fcdwestkorso mit Malerei von Katja Kr\u00e4mer"},"content":{"rendered":"<p>Liebe Kunstinteressierte, Liebe Freundinnen und Freunde,<\/p>\n<p>wir sind umgezogen!<\/p>\n<p>Nun endlich \u2013 nach langer Renovierung \u2013 feiern wir die Neuer\u00f6ffnung in der Mainauer Str. 7 Ecke S\u00fcdwestkorso (U- + S-Bahn Bundesplatz) mit einer Vernissage am<\/p>\n<p>Samstag, dem 11. Juli 2015 um 16 Uhr<\/p>\n<p>mit Stadtlandschaften von Katja Kr\u00e4mer.<\/p>\n<p><a href=\"http:\/\/kulturinsz.de\/cms\/wp-content\/uploads\/2015\/07\/reisen.jpg\"><img loading=\"lazy\" class=\"aligncenter size-full wp-image-5572\" src=\"http:\/\/kulturinsz.de\/cms\/wp-content\/uploads\/2015\/07\/reisen.jpg\" alt=\"reisen\" width=\"358\" height=\"357\" srcset=\"https:\/\/kulturinsz.de\/cms\/wp-content\/uploads\/2015\/07\/reisen.jpg 358w, https:\/\/kulturinsz.de\/cms\/wp-content\/uploads\/2015\/07\/reisen-150x150.jpg 150w, https:\/\/kulturinsz.de\/cms\/wp-content\/uploads\/2015\/07\/reisen-300x300.jpg 300w\" sizes=\"(max-width: 358px) 100vw, 358px\" \/><\/a><\/p>\n<p><!--more-->Das Bild \u201eReisen mit Gelb\u201c wird dann genauso die Phantasie befl\u00fcgeln wie gute Gespr\u00e4che, ein fr\u00f6hliches Wiedersehen und die Entdeckung der neuen R\u00e4umlichkeit.<\/p>\n<p>Mehr unter <a href=\"http:\/\/www.kunstkraemer.com\" target=\"_blank\">www.kunstkraemer.com<\/a><\/p>\n<p>Ich freue mich auf Sie!<br \/>\nIch freue mich auf Euch!<\/p>\n<p>Mit freundlichen Gr\u00fc\u00dfen<br \/>\nKatja Kr\u00e4mer<\/p>\n<p>&nbsp;<\/p>\n","protected":false},"excerpt":{"rendered":"<p>Liebe Kunstinteressierte, Liebe Freundinnen und Freunde, wir sind umgezogen! Nun endlich \u2013 nach langer Renovierung \u2013 feiern wir die Neuer\u00f6ffnung in der Mainauer Str. 7 Ecke S\u00fcdwestkorso (U- + S-Bahn Bundesplatz) mit einer Vernissage am Samstag, dem 11. Juli 2015 &hellip; <a href=\"https:\/\/kulturinsz.de\/cms\/aktuelles\/eroeffnung-nach-umzug-zum-suedwestkorso-mit-malerei-von-katja-kraemer\/\">Weiterlesen <span class=\"meta-nav\">&rarr;<\/span><\/a><\/p>\n","protected":false},"author":34,"featured_media":0,"comment_status":"open","ping_status":"open","sticky":false,"template":"","format":"standard","meta":[],"categories":[4],"tags":[173,47,174],"_links":{"self":[{"href":"https:\/\/kulturinsz.de\/cms\/wp-json\/wp\/v2\/posts\/5571"}],"collection":[{"href":"https:\/\/kulturinsz.de\/cms\/wp-json\/wp\/v2\/posts"}],"about":[{"href":"https:\/\/kulturinsz.de\/cms\/wp-json\/wp\/v2\/types\/post"}],"author":[{"embeddable":true,"href":"https:\/\/kulturinsz.de\/cms\/wp-json\/wp\/v2\/users\/34"}],"replies":[{"embeddable":true,"href":"https:\/\/kulturinsz.de\/cms\/wp-json\/wp\/v2\/comments?post=5571"}],"version-history":[{"count":2,"href":"https:\/\/kulturinsz.de\/cms\/wp-json\/wp\/v2\/posts\/5571\/revisions"}],"predecessor-version":[{"id":5574,"href":"https:\/\/kulturinsz.de\/cms\/wp-json\/wp\/v2\/posts\/5571\/revisions\/5574"}],"wp:attachment":[{"href":"https:\/\/kulturinsz.de\/cms\/wp-json\/wp\/v2\/media?parent=5571"}],"wp:term":[{"taxonomy":"category","embeddable":true,"href":"https:\/\/kulturinsz.de\/cms\/wp-json\/wp\/v2\/categories?post=5571"},{"taxonomy":"post_tag","embeddable":true,"href":"https:\/\/kulturinsz.de\/cms\/wp-json\/wp\/v2\/tags?post=5571"}],"curies":[{"name":"wp","href":"https:\/\/api.w.org\/{rel}","templated":true}]}}