{"id":5577,"date":"2015-07-09T15:07:35","date_gmt":"2015-07-09T13:07:35","guid":{"rendered":"http:\/\/kulturinsz.de\/cms\/?p=5577"},"modified":"2015-07-09T15:07:35","modified_gmt":"2015-07-09T13:07:35","slug":"eroeffnung-sprachbilder-bildsprachen-berliner-stadtansichten-text-trifft-fotografie","status":"publish","type":"post","link":"https:\/\/kulturinsz.de\/cms\/aktuelles\/eroeffnung-sprachbilder-bildsprachen-berliner-stadtansichten-text-trifft-fotografie\/","title":{"rendered":"Er\u00f6ffnung: \u201eSprachbilder \/ Bildsprachen: Berliner Stadtansichten. Text trifft Fotografie\u201c"},"content":{"rendered":"<div style=\"width: 310px\" class=\"wp-caption alignleft\"><a href=\"https:\/\/stadtansicht.files.wordpress.com\/2015\/03\/1.jpg?w=300&amp;h=225\"><img loading=\"lazy\" class=\"\" src=\"https:\/\/stadtansicht.files.wordpress.com\/2015\/03\/1.jpg?w=300&amp;h=225\" alt=\"\" width=\"300\" height=\"225\" \/><\/a><p class=\"wp-caption-text\">Foto: Hilli Zenker<\/p><\/div>\n<p>Unter dem Titel \u201eSprachbilder \/ Bildsprachen: Berliner Stadtansichten. Text trifft Fotografie\u201c findet am Dienstag, den 14. Juli 2015 um 20:00 Uhr die Er\u00f6ffnung einer Foto-Kunst-Ausstellung in der Petruskirche in Berlin-Lichterfelde statt. Hierbei wird der Berliner Aktionsk\u00fcnstler, Illustrator und Lyrikvermittler Petrus Akkordeon eine Auswahl von sozialdokumentarischen Schwarz-Wei\u00df Fotografien textuell in dichterischer Form interpretieren. Die Fotografien stammen von Hilli &amp; Peter Zenker aus Berlin sowie von Thomas Klingberg aus Gelsenkirchen und zeigen zeitgeschichtliche Szenen aus dem Berliner Alltagsleben. Zur Er\u00f6ffnung liest Petrus Akkordeon seine Gedichte vor, wobei die entsprechenden Fotografien hierzu auf einer Gro\u00dfbildleinwand projiziert werden. W\u00e4hrend der gesamten Ausstellungszeit &lt;&#8230;&gt; &lt;Weiter: <a href=\"https:\/\/stadtansicht.wordpress.com\/2015\/03\/21\/sprachbilder-bildsprachen-berliner-stadtansichten-text-trifft-fotografie\/\" target=\"_blank\">stadtansicht.wordpress.com\/2015\/03\/21\/sprachbilder-bildsprachen-berliner-stadtansichten-text-trifft-fotografie\/<\/a>&gt;<\/p>\n","protected":false},"excerpt":{"rendered":"<p>Unter dem Titel \u201eSprachbilder \/ Bildsprachen: Berliner Stadtansichten. Text trifft Fotografie\u201c findet am Dienstag, den 14. Juli 2015 um 20:00 Uhr die Er\u00f6ffnung einer Foto-Kunst-Ausstellung in der Petruskirche in Berlin-Lichterfelde statt. Hierbei wird der Berliner Aktionsk\u00fcnstler, Illustrator und Lyrikvermittler Petrus &hellip; <a href=\"https:\/\/kulturinsz.de\/cms\/aktuelles\/eroeffnung-sprachbilder-bildsprachen-berliner-stadtansichten-text-trifft-fotografie\/\">Weiterlesen <span class=\"meta-nav\">&rarr;<\/span><\/a><\/p>\n","protected":false},"author":35,"featured_media":0,"comment_status":"open","ping_status":"open","sticky":false,"template":"","format":"standard","meta":[],"categories":[4],"tags":[173,126,42,49],"_links":{"self":[{"href":"https:\/\/kulturinsz.de\/cms\/wp-json\/wp\/v2\/posts\/5577"}],"collection":[{"href":"https:\/\/kulturinsz.de\/cms\/wp-json\/wp\/v2\/posts"}],"about":[{"href":"https:\/\/kulturinsz.de\/cms\/wp-json\/wp\/v2\/types\/post"}],"author":[{"embeddable":true,"href":"https:\/\/kulturinsz.de\/cms\/wp-json\/wp\/v2\/users\/35"}],"replies":[{"embeddable":true,"href":"https:\/\/kulturinsz.de\/cms\/wp-json\/wp\/v2\/comments?post=5577"}],"version-history":[{"count":1,"href":"https:\/\/kulturinsz.de\/cms\/wp-json\/wp\/v2\/posts\/5577\/revisions"}],"predecessor-version":[{"id":5578,"href":"https:\/\/kulturinsz.de\/cms\/wp-json\/wp\/v2\/posts\/5577\/revisions\/5578"}],"wp:attachment":[{"href":"https:\/\/kulturinsz.de\/cms\/wp-json\/wp\/v2\/media?parent=5577"}],"wp:term":[{"taxonomy":"category","embeddable":true,"href":"https:\/\/kulturinsz.de\/cms\/wp-json\/wp\/v2\/categories?post=5577"},{"taxonomy":"post_tag","embeddable":true,"href":"https:\/\/kulturinsz.de\/cms\/wp-json\/wp\/v2\/tags?post=5577"}],"curies":[{"name":"wp","href":"https:\/\/api.w.org\/{rel}","templated":true}]}}