{"id":6451,"date":"2017-10-27T10:00:54","date_gmt":"2017-10-27T08:00:54","guid":{"rendered":"http:\/\/kulturinsz.de\/cms\/?p=6451"},"modified":"2017-11-03T12:53:33","modified_gmt":"2017-11-03T11:53:33","slug":"gunter-demnig-wird-70","status":"publish","type":"post","link":"https:\/\/kulturinsz.de\/cms\/aktuelles\/gunter-demnig-wird-70\/","title":{"rendered":"Gunter Demnig wird 70"},"content":{"rendered":"<p><a href=\"http:\/\/kulturinsz.de\/cms\/wp-content\/uploads\/2015\/11\/demnig-e1447959451476.jpg\"><img loading=\"lazy\" class=\" size-medium wp-image-5866 alignleft\" src=\"http:\/\/kulturinsz.de\/cms\/wp-content\/uploads\/2015\/11\/demnig-225x300.jpg\" alt=\"demnig\" width=\"225\" height=\"300\" \/><\/a>Gunter <a class=\"_58cn\" href=\"https:\/\/www.facebook.com\/hashtag\/demnig?source=feed_text&amp;story_id=1609300902453870\" data-ft=\"{&quot;tn&quot;:&quot;*N&quot;,&quot;type&quot;:104}\"><span class=\"_5afx\"><span class=\"_58cl _5afz\">#<\/span><span class=\"_58cm\">Demnig<\/span><\/span><\/a>: Herzlichen Gl\u00fcckwunsch zum 70.Geburtstag, 25 Jahre Erinnerung durch mittlerweile \u00fcber 60.000 <a class=\"_58cn\" href=\"https:\/\/www.facebook.com\/hashtag\/stolpersteine?source=feed_text&amp;story_id=1609300902453870\" data-ft=\"{&quot;tn&quot;:&quot;*N&quot;,&quot;type&quot;:104}\"><span class=\"_5afx\"><span class=\"_58cl _5afz\">#<\/span><span class=\"_58cm\">Stolpersteine<\/span><\/span><\/a> in 22 L\u00e4ndern. Danke! <span class=\"_5afx\"><a class=\"_58cn\" href=\"https:\/\/www.facebook.com\/hashtag\/erinnerungskultur?source=feed_text&amp;story_id=1609300902453870\" data-ft=\"{&quot;tn&quot;:&quot;*N&quot;,&quot;type&quot;:104}\"><span class=\"_58cl _5afz\">#<\/span><span class=\"_58cm\">Erinnerungskultur<\/span><\/a>\u00a0(via\u00a0<a href=\"https:\/\/www.facebook.com\/KulturInSZ\/\">https:\/\/www.facebook.com\/KulturInSZ\/<\/a>)<\/span><\/p>\n","protected":false},"excerpt":{"rendered":"<p>Gunter #Demnig: Herzlichen Gl\u00fcckwunsch zum 70.Geburtstag, 25 Jahre Erinnerung durch mittlerweile \u00fcber 60.000 #Stolpersteine in 22 L\u00e4ndern. Danke! #Erinnerungskultur\u00a0(via\u00a0https:\/\/www.facebook.com\/KulturInSZ\/)<\/p>\n","protected":false},"author":3,"featured_media":0,"comment_status":"open","ping_status":"open","sticky":false,"template":"","format":"standard","meta":[],"categories":[4],"tags":[173,18],"_links":{"self":[{"href":"https:\/\/kulturinsz.de\/cms\/wp-json\/wp\/v2\/posts\/6451"}],"collection":[{"href":"https:\/\/kulturinsz.de\/cms\/wp-json\/wp\/v2\/posts"}],"about":[{"href":"https:\/\/kulturinsz.de\/cms\/wp-json\/wp\/v2\/types\/post"}],"author":[{"embeddable":true,"href":"https:\/\/kulturinsz.de\/cms\/wp-json\/wp\/v2\/users\/3"}],"replies":[{"embeddable":true,"href":"https:\/\/kulturinsz.de\/cms\/wp-json\/wp\/v2\/comments?post=6451"}],"version-history":[{"count":2,"href":"https:\/\/kulturinsz.de\/cms\/wp-json\/wp\/v2\/posts\/6451\/revisions"}],"predecessor-version":[{"id":6453,"href":"https:\/\/kulturinsz.de\/cms\/wp-json\/wp\/v2\/posts\/6451\/revisions\/6453"}],"wp:attachment":[{"href":"https:\/\/kulturinsz.de\/cms\/wp-json\/wp\/v2\/media?parent=6451"}],"wp:term":[{"taxonomy":"category","embeddable":true,"href":"https:\/\/kulturinsz.de\/cms\/wp-json\/wp\/v2\/categories?post=6451"},{"taxonomy":"post_tag","embeddable":true,"href":"https:\/\/kulturinsz.de\/cms\/wp-json\/wp\/v2\/tags?post=6451"}],"curies":[{"name":"wp","href":"https:\/\/api.w.org\/{rel}","templated":true}]}}