{"id":6480,"date":"2018-01-02T11:17:51","date_gmt":"2018-01-02T10:17:51","guid":{"rendered":"http:\/\/kulturinsz.de\/cms\/?p=6480"},"modified":"2018-01-02T19:25:39","modified_gmt":"2018-01-02T18:25:39","slug":"kulturausschuss-am-2-1-2018","status":"publish","type":"post","link":"https:\/\/kulturinsz.de\/cms\/aktuelles\/kulturausschuss-am-2-1-2018\/","title":{"rendered":"Kulturausschuss am 2.1.2018"},"content":{"rendered":"<p><a href=\"http:\/\/kulturinsz.de\/cms\/wp-content\/uploads\/2017\/06\/IMG_7700-e1498137132227.jpg\"><img loading=\"lazy\" class=\"  wp-image-6299 alignleft\" src=\"http:\/\/kulturinsz.de\/cms\/wp-content\/uploads\/2017\/06\/IMG_7700-225x300.jpg\" alt=\"IMG_7700\" width=\"143\" height=\"191\" \/><\/a>Die Tagesordnung:<\/p>\n<p><!--more--><\/p>\n<table class=\"tl1\" border=\"0\" cellspacing=\"0\" cellpadding=\"1\">\n<tbody>\n<tr class=\"zl12\">\n<td>Einwohnerfragestunde<\/td>\n<td><\/td>\n<td><\/td>\n<td><\/td>\n<\/tr>\n<tr class=\"zl11\">\n<td class=\"text4\" nowrap=\"nowrap\"><a title=\"Ausw\u00e4hlen\" href=\"http:\/\/www.berlin.de\/ba-steglitz-zehlendorf\/politik-und-verwaltung\/bezirksverordnetenversammlung\/online\/to010.asp?SILFDNR=3832&amp;TOLFDNR=76271#beschluss\">\u00d6\u00a02<\/a><\/td>\n<td><\/td>\n<td><\/td>\n<td>Genehmigung des Protokolls vom <a title=\"Sitzungskalender 11\/2017 anzeigen\" href=\"http:\/\/www.berlin.de\/ba-steglitz-zehlendorf\/politik-und-verwaltung\/bezirksverordnetenversammlung\/online\/si010.asp?PA=1&amp;YY=2017&amp;MM=11&amp;DD=27\">27.11.2017<\/a><\/td>\n<td><\/td>\n<td><\/td>\n<td><\/td>\n<\/tr>\n<tr class=\"zl12\">\n<td class=\"text4\" nowrap=\"nowrap\"><a title=\"Ausw\u00e4hlen\" href=\"http:\/\/www.berlin.de\/ba-steglitz-zehlendorf\/politik-und-verwaltung\/bezirksverordnetenversammlung\/online\/to010.asp?SILFDNR=3832&amp;TOLFDNR=76284#beschluss\">\u00d6\u00a03<\/a><\/td>\n<td><\/td>\n<td><\/td>\n<td>Bericht der Schulaufsicht<\/td>\n<td><\/td>\n<td><\/td>\n<td><\/td>\n<\/tr>\n<tr class=\"zl11\">\n<td class=\"text4\" nowrap=\"nowrap\"><a title=\"Ausw\u00e4hlen\" href=\"http:\/\/www.berlin.de\/ba-steglitz-zehlendorf\/politik-und-verwaltung\/bezirksverordnetenversammlung\/online\/to010.asp?SILFDNR=3832&amp;TOLFDNR=76351#beschluss\">\u00d6\u00a04<\/a><\/td>\n<td><\/td>\n<td><\/td>\n<td>Bericht aus dem Bezirksamt: Kultur<\/td>\n<td><\/td>\n<td><\/td>\n<td><\/td>\n<\/tr>\n<tr class=\"zl12\">\n<td class=\"text4\" nowrap=\"nowrap\"><a title=\"Ausw\u00e4hlen\" href=\"http:\/\/www.berlin.de\/ba-steglitz-zehlendorf\/politik-und-verwaltung\/bezirksverordnetenversammlung\/online\/to010.asp?SILFDNR=3832&amp;TOLFDNR=76352#beschluss\">\u00d6\u00a04.1<\/a><\/td>\n<td><\/td>\n<td><\/td>\n<td>Stelentext Lucie-Strewe-Platz, Umsetzung Drs. 0173\/V<\/td>\n<td><\/td>\n<td><\/td>\n<td><\/td>\n<\/tr>\n<tr class=\"zl11\">\n<td class=\"text4\" nowrap=\"nowrap\"><a title=\"Ausw\u00e4hlen\" href=\"http:\/\/www.berlin.de\/ba-steglitz-zehlendorf\/politik-und-verwaltung\/bezirksverordnetenversammlung\/online\/to010.asp?SILFDNR=3832&amp;TOLFDNR=76353#beschluss\">\u00d6\u00a04.2<\/a><\/td>\n<td><\/td>\n<td><\/td>\n<td>Kulturstandort Steglitz-Zehlendorf: Schwerpunkte und Herausforderungen der n\u00e4chsten Jahre \u2013 \u00dcberblick und Ausblick aus dem Bezirksamt<\/td>\n<td><\/td>\n<td><\/td>\n<td><\/td>\n<\/tr>\n<tr class=\"zl12\">\n<td class=\"text4\" nowrap=\"nowrap\"><a title=\"Ausw\u00e4hlen\" href=\"http:\/\/www.berlin.de\/ba-steglitz-zehlendorf\/politik-und-verwaltung\/bezirksverordnetenversammlung\/online\/to010.asp?SILFDNR=3832&amp;TOLFDNR=76354#beschluss\">\u00d6\u00a04.3<\/a><\/td>\n<td><\/td>\n<td><\/td>\n<td>Weitere Berichte<\/td>\n<td><\/td>\n<td><\/td>\n<td><\/td>\n<\/tr>\n<tr class=\"zl11\">\n<td class=\"text4\" nowrap=\"nowrap\"><a title=\"Ausw\u00e4hlen\" href=\"http:\/\/www.berlin.de\/ba-steglitz-zehlendorf\/politik-und-verwaltung\/bezirksverordnetenversammlung\/online\/to010.asp?SILFDNR=3832&amp;TOLFDNR=76272#beschluss\">\u00d6\u00a05<\/a><\/td>\n<td><\/td>\n<td><\/td>\n<td>Antr\u00e4ge: Kultur<\/td>\n<td><\/td>\n<td><\/td>\n<td><\/td>\n<\/tr>\n<tr class=\"zl12\">\n<td class=\"text4\" nowrap=\"nowrap\"><a title=\"Ausw\u00e4hlen\" href=\"http:\/\/www.berlin.de\/ba-steglitz-zehlendorf\/politik-und-verwaltung\/bezirksverordnetenversammlung\/online\/to010.asp?SILFDNR=3832&amp;TOLFDNR=76273#beschluss\">\u00d6\u00a05.1<\/a><\/td>\n<td><\/td>\n<td><\/td>\n<td>Gedenktafel\/ Stele zur W\u00fcrdigung der Ausstellung \u201eUnges\u00fchnte Nazi-Justiz\u201c<\/td>\n<td>\n<form action=\"http:\/\/www.berlin.de\/ba-steglitz-zehlendorf\/politik-und-verwaltung\/bezirksverordnetenversammlung\/online\/vo020.asp\" method=\"post\"><input class=\"il1_vo\" title=\"Drucksache\" type=\"submit\" value=\"DRS\" \/><\/form>\n<\/td>\n<td nowrap=\"nowrap\"><a href=\"http:\/\/www.berlin.de\/ba-steglitz-zehlendorf\/politik-und-verwaltung\/bezirksverordnetenversammlung\/online\/vo020.asp?VOLFDNR=6168\">0404\/V<\/a><\/td>\n<td><\/td>\n<\/tr>\n<tr class=\"zl11\">\n<td class=\"text4\" nowrap=\"nowrap\"><a title=\"Ausw\u00e4hlen\" href=\"http:\/\/www.berlin.de\/ba-steglitz-zehlendorf\/politik-und-verwaltung\/bezirksverordnetenversammlung\/online\/to010.asp?SILFDNR=3832&amp;TOLFDNR=76274#beschluss\">\u00d6\u00a05.2<\/a><\/td>\n<td><\/td>\n<td><\/td>\n<td>Sicherstellung der \u201eF\u00eate de la Musique\u201c im Bezirk \u2013 Impuls f\u00fcr Berlin<\/td>\n<td>\n<form action=\"http:\/\/www.berlin.de\/ba-steglitz-zehlendorf\/politik-und-verwaltung\/bezirksverordnetenversammlung\/online\/vo020.asp\" method=\"post\"><input class=\"il1_vo\" title=\"Drucksache\" type=\"submit\" value=\"DRS\" \/><\/form>\n<\/td>\n<td nowrap=\"nowrap\"><a href=\"http:\/\/www.berlin.de\/ba-steglitz-zehlendorf\/politik-und-verwaltung\/bezirksverordnetenversammlung\/online\/vo020.asp?VOLFDNR=6189\">0425\/V<\/a><\/td>\n<td><\/td>\n<\/tr>\n<tr class=\"zl12\">\n<td class=\"text4\" nowrap=\"nowrap\"><a title=\"Ausw\u00e4hlen\" href=\"http:\/\/www.berlin.de\/ba-steglitz-zehlendorf\/politik-und-verwaltung\/bezirksverordnetenversammlung\/online\/to010.asp?SILFDNR=3832&amp;TOLFDNR=76276#beschluss\">\u00d6\u00a05.3<\/a><\/td>\n<td><\/td>\n<td><\/td>\n<td>Mit dem \u201aAntifa-Engagement\u2018 k\u00f6nnte der USA-Trip schnell pass\u00e9 sein<\/td>\n<td>\n<form action=\"http:\/\/www.berlin.de\/ba-steglitz-zehlendorf\/politik-und-verwaltung\/bezirksverordnetenversammlung\/online\/vo020.asp\" method=\"post\"><input class=\"il1_vo\" title=\"Drucksache\" type=\"submit\" value=\"DRS\" \/><\/form>\n<\/td>\n<td nowrap=\"nowrap\"><a href=\"http:\/\/www.berlin.de\/ba-steglitz-zehlendorf\/politik-und-verwaltung\/bezirksverordnetenversammlung\/online\/vo020.asp?VOLFDNR=6231\">0467\/V<\/a><\/td>\n<td><\/td>\n<\/tr>\n<tr class=\"zl11\">\n<td class=\"text4\" nowrap=\"nowrap\"><a title=\"Ausw\u00e4hlen\" href=\"http:\/\/www.berlin.de\/ba-steglitz-zehlendorf\/politik-und-verwaltung\/bezirksverordnetenversammlung\/online\/to010.asp?SILFDNR=3832&amp;TOLFDNR=76355#beschluss\">\u00d6\u00a06<\/a><\/td>\n<td><\/td>\n<td><\/td>\n<td>Antr\u00e4ge: Schule und Bildung<\/td>\n<td><\/td>\n<td><\/td>\n<td><\/td>\n<\/tr>\n<tr class=\"zl12\">\n<td class=\"text4\" nowrap=\"nowrap\"><a title=\"Ausw\u00e4hlen\" href=\"http:\/\/www.berlin.de\/ba-steglitz-zehlendorf\/politik-und-verwaltung\/bezirksverordnetenversammlung\/online\/to010.asp?SILFDNR=3832&amp;TOLFDNR=76275#beschluss\">\u00d6\u00a06.1<\/a><\/td>\n<td><\/td>\n<td><\/td>\n<td>Einsatz f\u00fcr die Europaschule Dreilinden<\/td>\n<td>\n<form action=\"http:\/\/www.berlin.de\/ba-steglitz-zehlendorf\/politik-und-verwaltung\/bezirksverordnetenversammlung\/online\/vo020.asp\" method=\"post\"><input class=\"il1_vo\" title=\"Drucksache\" type=\"submit\" value=\"DRS\" \/><\/form>\n<\/td>\n<td nowrap=\"nowrap\"><a href=\"http:\/\/www.berlin.de\/ba-steglitz-zehlendorf\/politik-und-verwaltung\/bezirksverordnetenversammlung\/online\/vo020.asp?VOLFDNR=6210\">0446\/V<\/a><\/td>\n<td><\/td>\n<\/tr>\n<tr class=\"zl11\">\n<td class=\"text4\" nowrap=\"nowrap\"><a title=\"Ausw\u00e4hlen\" href=\"http:\/\/www.berlin.de\/ba-steglitz-zehlendorf\/politik-und-verwaltung\/bezirksverordnetenversammlung\/online\/to010.asp?SILFDNR=3832&amp;TOLFDNR=76277#beschluss\">\u00d6\u00a06.2<\/a><\/td>\n<td><\/td>\n<td><\/td>\n<td>Finanzierung zweiter B\u00fccherbus als E-Bus<\/td>\n<td>\n<form action=\"http:\/\/www.berlin.de\/ba-steglitz-zehlendorf\/politik-und-verwaltung\/bezirksverordnetenversammlung\/online\/vo020.asp\" method=\"post\"><input class=\"il1_vo\" title=\"Drucksache\" type=\"submit\" value=\"DRS\" \/><\/form>\n<\/td>\n<td nowrap=\"nowrap\"><a href=\"http:\/\/www.berlin.de\/ba-steglitz-zehlendorf\/politik-und-verwaltung\/bezirksverordnetenversammlung\/online\/vo020.asp?VOLFDNR=6254\">0490\/V (neu)<\/a><\/td>\n<td><\/td>\n<\/tr>\n<tr class=\"zl12\">\n<td class=\"text4\" nowrap=\"nowrap\"><a title=\"Ausw\u00e4hlen\" href=\"http:\/\/www.berlin.de\/ba-steglitz-zehlendorf\/politik-und-verwaltung\/bezirksverordnetenversammlung\/online\/to010.asp?SILFDNR=3832&amp;TOLFDNR=76278#beschluss\">\u00d6\u00a06.3<\/a><\/td>\n<td><\/td>\n<td><\/td>\n<td>Schw\u00e4nzer<\/td>\n<td>\n<form action=\"http:\/\/www.berlin.de\/ba-steglitz-zehlendorf\/politik-und-verwaltung\/bezirksverordnetenversammlung\/online\/vo020.asp\" method=\"post\"><input class=\"il1_vo\" title=\"Drucksache\" type=\"submit\" value=\"DRS\" \/><\/form>\n<\/td>\n<td nowrap=\"nowrap\"><a href=\"http:\/\/www.berlin.de\/ba-steglitz-zehlendorf\/politik-und-verwaltung\/bezirksverordnetenversammlung\/online\/vo020.asp?VOLFDNR=6262\">0498\/V<\/a><\/td>\n<td><\/td>\n<\/tr>\n<tr class=\"zl11\">\n<td class=\"text4\" nowrap=\"nowrap\"><a title=\"Ausw\u00e4hlen\" href=\"http:\/\/www.berlin.de\/ba-steglitz-zehlendorf\/politik-und-verwaltung\/bezirksverordnetenversammlung\/online\/to010.asp?SILFDNR=3832&amp;TOLFDNR=76279#beschluss\">\u00d6\u00a06.4<\/a><\/td>\n<td><\/td>\n<td><\/td>\n<td>L\u00e4rmschutz f\u00fcr Sch\u00fcler bei Planung neuer Schule Lichterfelde-S\u00fcd<\/td>\n<td>\n<form action=\"http:\/\/www.berlin.de\/ba-steglitz-zehlendorf\/politik-und-verwaltung\/bezirksverordnetenversammlung\/online\/vo020.asp\" method=\"post\"><input class=\"il1_vo\" title=\"Drucksache\" type=\"submit\" value=\"DRS\" \/><\/form>\n<\/td>\n<td nowrap=\"nowrap\"><a href=\"http:\/\/www.berlin.de\/ba-steglitz-zehlendorf\/politik-und-verwaltung\/bezirksverordnetenversammlung\/online\/vo020.asp?VOLFDNR=6294\">0530\/V (neu)<\/a><\/td>\n<td><\/td>\n<\/tr>\n<tr class=\"zl12\">\n<td class=\"text4\" nowrap=\"nowrap\"><a title=\"Ausw\u00e4hlen\" href=\"http:\/\/www.berlin.de\/ba-steglitz-zehlendorf\/politik-und-verwaltung\/bezirksverordnetenversammlung\/online\/to010.asp?SILFDNR=3832&amp;TOLFDNR=76280#beschluss\">\u00d6\u00a06.5<\/a><\/td>\n<td><\/td>\n<td><\/td>\n<td>Gemeinsamen Schulstandort f\u00fcr Lichterfelde-S\u00fcd planen<\/td>\n<td nowrap=\"nowrap\">\n<form action=\"http:\/\/www.berlin.de\/ba-steglitz-zehlendorf\/politik-und-verwaltung\/bezirksverordnetenversammlung\/online\/vo020.asp\" method=\"post\"><input class=\"il1_vo\" title=\"Drucksache\" type=\"submit\" value=\"DRS\" \/><img title=\"Enth\u00e4lt Anlagen\" src=\"http:\/\/www.berlin.de\/ba-steglitz-zehlendorf\/politik-und-verwaltung\/bezirksverordnetenversammlung\/online\/images\/attmnt.gif\" alt=\"Enth\u00e4lt Anlagen\" \/><\/form>\n<\/td>\n<td nowrap=\"nowrap\"><a href=\"http:\/\/www.berlin.de\/ba-steglitz-zehlendorf\/politik-und-verwaltung\/bezirksverordnetenversammlung\/online\/vo020.asp?VOLFDNR=6377\">0613\/V<\/a><\/td>\n<td><\/td>\n<\/tr>\n<tr class=\"zl11\">\n<td class=\"text4\" nowrap=\"nowrap\"><a title=\"Ausw\u00e4hlen\" href=\"http:\/\/www.berlin.de\/ba-steglitz-zehlendorf\/politik-und-verwaltung\/bezirksverordnetenversammlung\/online\/to010.asp?SILFDNR=3832&amp;TOLFDNR=76281#beschluss\">\u00d6\u00a06.6<\/a><\/td>\n<td><\/td>\n<td><\/td>\n<td>Kooperation zwischen Mercator-Schule und neuer Grundschule in Lichterfelde-S\u00fcd<\/td>\n<td nowrap=\"nowrap\">\n<form action=\"http:\/\/www.berlin.de\/ba-steglitz-zehlendorf\/politik-und-verwaltung\/bezirksverordnetenversammlung\/online\/vo020.asp\" method=\"post\"><input class=\"il1_vo\" title=\"Drucksache\" type=\"submit\" value=\"DRS\" \/><img title=\"Enth\u00e4lt Anlagen\" src=\"http:\/\/www.berlin.de\/ba-steglitz-zehlendorf\/politik-und-verwaltung\/bezirksverordnetenversammlung\/online\/images\/attmnt.gif\" alt=\"Enth\u00e4lt Anlagen\" \/><\/form>\n<\/td>\n<td nowrap=\"nowrap\"><a href=\"http:\/\/www.berlin.de\/ba-steglitz-zehlendorf\/politik-und-verwaltung\/bezirksverordnetenversammlung\/online\/vo020.asp?VOLFDNR=6391\">0627\/V<\/a><\/td>\n<td><\/td>\n<\/tr>\n<tr class=\"zl12\">\n<td class=\"text4\" nowrap=\"nowrap\"><a title=\"Ausw\u00e4hlen\" href=\"http:\/\/www.berlin.de\/ba-steglitz-zehlendorf\/politik-und-verwaltung\/bezirksverordnetenversammlung\/online\/to010.asp?SILFDNR=3832&amp;TOLFDNR=76282#beschluss\">\u00d6\u00a06.7<\/a><\/td>\n<td><\/td>\n<td><\/td>\n<td>Beendigung der dreij\u00e4hrigen Unt\u00e4tigkeit bei der Bearbeitung von Kostenerstattung f\u00fcr Klassenfahrten<\/td>\n<td nowrap=\"nowrap\">\n<form action=\"http:\/\/www.berlin.de\/ba-steglitz-zehlendorf\/politik-und-verwaltung\/bezirksverordnetenversammlung\/online\/vo020.asp\" method=\"post\"><input class=\"il1_vo\" title=\"Drucksache\" type=\"submit\" value=\"DRS\" \/><img title=\"Enth\u00e4lt Anlagen\" src=\"http:\/\/www.berlin.de\/ba-steglitz-zehlendorf\/politik-und-verwaltung\/bezirksverordnetenversammlung\/online\/images\/attmnt.gif\" alt=\"Enth\u00e4lt Anlagen\" \/><\/form>\n<\/td>\n<td nowrap=\"nowrap\"><a href=\"http:\/\/www.berlin.de\/ba-steglitz-zehlendorf\/politik-und-verwaltung\/bezirksverordnetenversammlung\/online\/vo020.asp?VOLFDNR=6393\">0629\/V<\/a><\/td>\n<td><\/td>\n<\/tr>\n<tr class=\"zl11\">\n<td class=\"text4\" nowrap=\"nowrap\"><a title=\"Ausw\u00e4hlen\" href=\"http:\/\/www.berlin.de\/ba-steglitz-zehlendorf\/politik-und-verwaltung\/bezirksverordnetenversammlung\/online\/to010.asp?SILFDNR=3832&amp;TOLFDNR=76283#beschluss\">\u00d6\u00a06.8<\/a><\/td>\n<td><\/td>\n<td><\/td>\n<td>Qualifizierte Bedarfsanalyse von Raumbedarfen an Schulen in Zusammenhang darstellen<\/td>\n<td nowrap=\"nowrap\">\n<form action=\"http:\/\/www.berlin.de\/ba-steglitz-zehlendorf\/politik-und-verwaltung\/bezirksverordnetenversammlung\/online\/vo020.asp\" method=\"post\"><input class=\"il1_vo\" title=\"Drucksache\" type=\"submit\" value=\"DRS\" \/><img title=\"Enth\u00e4lt Anlagen\" src=\"http:\/\/www.berlin.de\/ba-steglitz-zehlendorf\/politik-und-verwaltung\/bezirksverordnetenversammlung\/online\/images\/attmnt.gif\" alt=\"Enth\u00e4lt Anlagen\" \/><\/form>\n<\/td>\n<td nowrap=\"nowrap\"><a href=\"http:\/\/www.berlin.de\/ba-steglitz-zehlendorf\/politik-und-verwaltung\/bezirksverordnetenversammlung\/online\/vo020.asp?VOLFDNR=6394\">0630\/V<\/a><\/td>\n<td><\/td>\n<\/tr>\n<tr class=\"zl12\">\n<td class=\"text4\" nowrap=\"nowrap\"><a title=\"Ausw\u00e4hlen\" href=\"http:\/\/www.berlin.de\/ba-steglitz-zehlendorf\/politik-und-verwaltung\/bezirksverordnetenversammlung\/online\/to010.asp?SILFDNR=3832&amp;TOLFDNR=76285#beschluss\">\u00d6\u00a07<\/a><\/td>\n<td><\/td>\n<td><\/td>\n<td>Bericht aus dem Bezirksamt: Schule und Bildung<\/td>\n<td><\/td>\n<td><\/td>\n<td><\/td>\n<\/tr>\n<tr class=\"zl11\">\n<td class=\"text4\" nowrap=\"nowrap\"><a title=\"Ausw\u00e4hlen\" href=\"http:\/\/www.berlin.de\/ba-steglitz-zehlendorf\/politik-und-verwaltung\/bezirksverordnetenversammlung\/online\/to010.asp?SILFDNR=3832&amp;TOLFDNR=76286#beschluss\">\u00d6\u00a08<\/a><\/td>\n<td><\/td>\n<td><\/td>\n<td>Verschiedenes<\/td>\n<\/tr>\n<\/tbody>\n<\/table>\n","protected":false},"excerpt":{"rendered":"<p>Die Tagesordnung:<\/p>\n","protected":false},"author":3,"featured_media":0,"comment_status":"open","ping_status":"open","sticky":false,"template":"","format":"standard","meta":[],"categories":[4],"tags":[173,27,18,45,23,139,177,49,13],"_links":{"self":[{"href":"https:\/\/kulturinsz.de\/cms\/wp-json\/wp\/v2\/posts\/6480"}],"collection":[{"href":"https:\/\/kulturinsz.de\/cms\/wp-json\/wp\/v2\/posts"}],"about":[{"href":"https:\/\/kulturinsz.de\/cms\/wp-json\/wp\/v2\/types\/post"}],"author":[{"embeddable":true,"href":"https:\/\/kulturinsz.de\/cms\/wp-json\/wp\/v2\/users\/3"}],"replies":[{"embeddable":true,"href":"https:\/\/kulturinsz.de\/cms\/wp-json\/wp\/v2\/comments?post=6480"}],"version-history":[{"count":2,"href":"https:\/\/kulturinsz.de\/cms\/wp-json\/wp\/v2\/posts\/6480\/revisions"}],"predecessor-version":[{"id":6483,"href":"https:\/\/kulturinsz.de\/cms\/wp-json\/wp\/v2\/posts\/6480\/revisions\/6483"}],"wp:attachment":[{"href":"https:\/\/kulturinsz.de\/cms\/wp-json\/wp\/v2\/media?parent=6480"}],"wp:term":[{"taxonomy":"category","embeddable":true,"href":"https:\/\/kulturinsz.de\/cms\/wp-json\/wp\/v2\/categories?post=6480"},{"taxonomy":"post_tag","embeddable":true,"href":"https:\/\/kulturinsz.de\/cms\/wp-json\/wp\/v2\/tags?post=6480"}],"curies":[{"name":"wp","href":"https:\/\/api.w.org\/{rel}","templated":true}]}}