{"id":6678,"date":"2018-10-23T20:13:16","date_gmt":"2018-10-23T18:13:16","guid":{"rendered":"http:\/\/kulturinsz.de\/cms\/?p=6678"},"modified":"2018-10-23T20:15:02","modified_gmt":"2018-10-23T18:15:02","slug":"schlachtenseer-stille-heldin-geehrt-platz-nach-lucie-strewe-benannt","status":"publish","type":"post","link":"https:\/\/kulturinsz.de\/cms\/aktuelles\/schlachtenseer-stille-heldin-geehrt-platz-nach-lucie-strewe-benannt\/","title":{"rendered":"Schlachtenseer Stille Heldin geehrt: Platz nach Lucie Strewe benannt"},"content":{"rendered":"<p><strong><span style=\"font-size: medium;\">Am 18. Mai wurde unter gro\u00dfer Anteilnahme der Familie und von Freunden und Bekannten der kleine Platz an der Spitze zwischen Fischerh\u00fcttenstra\u00dfe und Busseeallee nach der Stillen Heldin Lucie Strewe benannt. 2017 hatte die Bezirksverordnetenversammlung das beschlossen und ein Jahr sp\u00e4ter konnte der Platz von Maren Schellenberg, der gr\u00fcnen Stadtr\u00e4tin und Dirk Jordan, dem Initiator der Ehrung, eingeweiht werden.<\/span><\/strong><\/p>\n<div id=\"attachment_6680\" style=\"width: 610px\" class=\"wp-caption aligncenter\"><a href=\"http:\/\/kulturinsz.de\/cms\/wp-content\/uploads\/2018\/10\/strewe_benennung2.jpg\"><img aria-describedby=\"caption-attachment-6680\" loading=\"lazy\" class=\"wp-image-6680 \" src=\"http:\/\/kulturinsz.de\/cms\/wp-content\/uploads\/2018\/10\/strewe_benennung2-1024x768.jpg\" alt=\"strewe_benennung2\" width=\"600\" height=\"450\" srcset=\"https:\/\/kulturinsz.de\/cms\/wp-content\/uploads\/2018\/10\/strewe_benennung2-1024x768.jpg 1024w, https:\/\/kulturinsz.de\/cms\/wp-content\/uploads\/2018\/10\/strewe_benennung2-300x225.jpg 300w, https:\/\/kulturinsz.de\/cms\/wp-content\/uploads\/2018\/10\/strewe_benennung2.jpg 1758w\" sizes=\"(max-width: 600px) 100vw, 600px\" \/><\/a><p id=\"caption-attachment-6680\" class=\"wp-caption-text\">Die Infostele f\u00fcr Lucie Strewe (Bildrechte: Dirk Jorden\/Gisela Krehnke)<\/p><\/div>\n<p><!--more--><\/p>\n<p><span style=\"font-size: medium;\">Schon 2014 war im Zehlendorf-Blog des Tagespiegels ein Beitrag zu Lucie Strewe erschienen: <\/span><span style=\"color: #0000ff;\"><u><a href=\"http:\/\/www.tagesspiegel.de\/berlin\/bezirke\/9326184.html\">http:\/\/www.tagesspiegel.de\/berlin\/bezirke\/9326184.html<\/a><\/u><\/span>. Es dauerte dann eine Weile bis die Idee einer Ehrung durch eine Platzbenennung Unterst\u00fctzung fand. Lucie Strewe hatte seit 1956 in der Fischerh\u00fcttenstra\u00dfe 56a gewohnt und war an diesem Platz auf ihren Wegen nach Zehlendorf an diesem Platz immer vorbeigekommen.<\/p>\n<div id=\"attachment_6679\" style=\"width: 334px\" class=\"wp-caption alignright\"><img aria-describedby=\"caption-attachment-6679\" loading=\"lazy\" class=\"  wp-image-6679\" src=\"http:\/\/kulturinsz.de\/cms\/wp-content\/uploads\/2018\/10\/strewe_benennung1-768x1024.jpg\" alt=\"strewe_benennung1\" width=\"324\" height=\"432\" srcset=\"https:\/\/kulturinsz.de\/cms\/wp-content\/uploads\/2018\/10\/strewe_benennung1-768x1024.jpg 768w, https:\/\/kulturinsz.de\/cms\/wp-content\/uploads\/2018\/10\/strewe_benennung1-225x300.jpg 225w, https:\/\/kulturinsz.de\/cms\/wp-content\/uploads\/2018\/10\/strewe_benennung1.jpg 1370w\" sizes=\"(max-width: 324px) 100vw, 324px\" \/><p id=\"caption-attachment-6679\" class=\"wp-caption-text\">Dirk Jordan und Bezirksstadtr\u00e4tin Maren Schellenberg bei der Enth\u00fcllung der Infostele (Bildrechte: Dirk Jordan\/Gisela Krehnke)<\/p><\/div>\n<p>In der Nazizeit hat sie in ihrem Haus in der Spanischen Allee immer wieder verfolgten Juden Hilfe und Unterschlupf gew\u00e4hrt, so auch Josef Scherek, <span style=\"font-size: medium;\">der sich zeitweise auf einem Faltboot im Schilf am Gro\u00dfen Wannsee versteckte und zeitweise bei Lucie Strewe u.a. Unterschlupf fand <\/span>und <span style=\"font-size: medium;\">u.a. ihr sein Leben verdankt.<\/span><\/p>\n<p><span style=\"font-size: medium;\">Sie wurde 1966 vom Berliner Senat als \u201eUnbesungene Heldin\u201c geehrt, weil sie \u201ew\u00e4hrend der nationalsozialistischen Gewaltherrschaft ohne R\u00fccksicht auf die eigene Sicherheit bedr\u00e4ngten Verfolgten Schutz und Hilfe gew\u00e4hrt hat.\u201c<\/span><\/p>\n","protected":false},"excerpt":{"rendered":"<p>Am 18. Mai wurde unter gro\u00dfer Anteilnahme der Familie und von Freunden und Bekannten der kleine Platz an der Spitze zwischen Fischerh\u00fcttenstra\u00dfe und Busseeallee nach der Stillen Heldin Lucie Strewe benannt. 2017 hatte die Bezirksverordnetenversammlung das beschlossen und ein Jahr &hellip; <a href=\"https:\/\/kulturinsz.de\/cms\/aktuelles\/schlachtenseer-stille-heldin-geehrt-platz-nach-lucie-strewe-benannt\/\">Weiterlesen <span class=\"meta-nav\">&rarr;<\/span><\/a><\/p>\n","protected":false},"author":45,"featured_media":0,"comment_status":"open","ping_status":"open","sticky":false,"template":"","format":"standard","meta":[],"categories":[4],"tags":[173,21,139,177,13],"_links":{"self":[{"href":"https:\/\/kulturinsz.de\/cms\/wp-json\/wp\/v2\/posts\/6678"}],"collection":[{"href":"https:\/\/kulturinsz.de\/cms\/wp-json\/wp\/v2\/posts"}],"about":[{"href":"https:\/\/kulturinsz.de\/cms\/wp-json\/wp\/v2\/types\/post"}],"author":[{"embeddable":true,"href":"https:\/\/kulturinsz.de\/cms\/wp-json\/wp\/v2\/users\/45"}],"replies":[{"embeddable":true,"href":"https:\/\/kulturinsz.de\/cms\/wp-json\/wp\/v2\/comments?post=6678"}],"version-history":[{"count":3,"href":"https:\/\/kulturinsz.de\/cms\/wp-json\/wp\/v2\/posts\/6678\/revisions"}],"predecessor-version":[{"id":6683,"href":"https:\/\/kulturinsz.de\/cms\/wp-json\/wp\/v2\/posts\/6678\/revisions\/6683"}],"wp:attachment":[{"href":"https:\/\/kulturinsz.de\/cms\/wp-json\/wp\/v2\/media?parent=6678"}],"wp:term":[{"taxonomy":"category","embeddable":true,"href":"https:\/\/kulturinsz.de\/cms\/wp-json\/wp\/v2\/categories?post=6678"},{"taxonomy":"post_tag","embeddable":true,"href":"https:\/\/kulturinsz.de\/cms\/wp-json\/wp\/v2\/tags?post=6678"}],"curies":[{"name":"wp","href":"https:\/\/api.w.org\/{rel}","templated":true}]}}