{"id":6780,"date":"2019-02-15T15:36:19","date_gmt":"2019-02-15T14:36:19","guid":{"rendered":"http:\/\/kulturinsz.de\/cms\/?p=6780"},"modified":"2019-02-15T15:36:19","modified_gmt":"2019-02-15T14:36:19","slug":"philosophischer-salon-im-buergertreffpunkt-bahnhof-lichterfelde-west","status":"publish","type":"post","link":"https:\/\/kulturinsz.de\/cms\/aktuelles\/philosophischer-salon-im-buergertreffpunkt-bahnhof-lichterfelde-west\/","title":{"rendered":"Philosophischer Salon im B\u00fcrgertreffpunkt Bahnhof Lichterfelde West"},"content":{"rendered":"<p><a href=\"http:\/\/kulturinsz.de\/cms\/wp-content\/uploads\/2019\/02\/IMG_6231-e1550241274338.jpg\"><img loading=\"lazy\" class=\" size-medium wp-image-6782 alignleft\" src=\"http:\/\/kulturinsz.de\/cms\/wp-content\/uploads\/2019\/02\/IMG_6231-241x300.jpg\" alt=\"Bahnhof Lichterfelde West\" width=\"241\" height=\"300\" \/><\/a>Die Philosophie ist ein wichtiges bis hilfreiches Werkzeug, um unsere Welt und unser Leben aus unterschiedlichen Perspektiven zu betrachten. Sie kann uns dabei helfen, Lebensumst\u00e4nde emotionslos und objektiv zu verstehen. Diese philosophische Haltung der Welt gegen\u00fcber kann man lernen: Es ist eine Mischung aus Achtsamkeit, Neugier und Skeptizismus.<\/p>\n<p><!--more-->Der Philosophische Salon bietet Ihnen die M\u00f6glichkeit, Lebensfragen aus philosophischer Sicht in der Gruppe zu diskutieren, denn nur ein sinnerf\u00fclltes Leben kann ein gl\u00fcckliches Leben sein. Aber Vorsicht: Dieser Philosophische Salon ist keine Selbsthilfegruppe!<br \/>\nSie sind neugierig geworden? <strong>Voranmeldung und weitere Informationen<\/strong> erhalten Sie direkt bei der Dozentin, Frau Woinzeck, Telefon: 01632726567 oder per <a href=\"mailto:s.cartier@gmx.de\">E-Mail<\/a><\/p>\n<p><strong>Ort: B\u00fcrgertreffpunkt Bahnhof Lichterfelde West<\/strong> Hans-Sachs-Str. 4 D, 12205 Berlin<br \/>\n<strong>Termin: freitags von 12:45 bis 14:15 Uhr<\/strong><br \/>\n<strong>Beginn: ab sofort<\/strong><br \/>\n<strong>Kosten: 6,00 \u20ac pro Person \u00e1 90 Minuten<\/strong><br \/>\n<strong>Anmeldung<\/strong>: im B\u00fcrgertreff Lichterfelde-West, Herrn Ohrt, Tel.: (030) 84 31 31 14, oder direkt bei der Dozentin, Frau Woinzeck (siehe oben)<br \/>\n<strong>Dozentin: Frau Woinzeck<\/strong><\/p>\n<p>R\u00fcckfragen: *Postanschrift*: Bezirksamt Steglitz-Zehlendorf Pressestelle 14160 Berlin, Telefon: (030) 90299-3322<\/p>\n","protected":false},"excerpt":{"rendered":"<p>Die Philosophie ist ein wichtiges bis hilfreiches Werkzeug, um unsere Welt und unser Leben aus unterschiedlichen Perspektiven zu betrachten. Sie kann uns dabei helfen, Lebensumst\u00e4nde emotionslos und objektiv zu verstehen. Diese philosophische Haltung der Welt gegen\u00fcber kann man lernen: Es &hellip; <a href=\"https:\/\/kulturinsz.de\/cms\/aktuelles\/philosophischer-salon-im-buergertreffpunkt-bahnhof-lichterfelde-west\/\">Weiterlesen <span class=\"meta-nav\">&rarr;<\/span><\/a><\/p>\n","protected":false},"author":44,"featured_media":0,"comment_status":"open","ping_status":"open","sticky":false,"template":"","format":"standard","meta":[],"categories":[4],"tags":[173,97,13],"_links":{"self":[{"href":"https:\/\/kulturinsz.de\/cms\/wp-json\/wp\/v2\/posts\/6780"}],"collection":[{"href":"https:\/\/kulturinsz.de\/cms\/wp-json\/wp\/v2\/posts"}],"about":[{"href":"https:\/\/kulturinsz.de\/cms\/wp-json\/wp\/v2\/types\/post"}],"author":[{"embeddable":true,"href":"https:\/\/kulturinsz.de\/cms\/wp-json\/wp\/v2\/users\/44"}],"replies":[{"embeddable":true,"href":"https:\/\/kulturinsz.de\/cms\/wp-json\/wp\/v2\/comments?post=6780"}],"version-history":[{"count":1,"href":"https:\/\/kulturinsz.de\/cms\/wp-json\/wp\/v2\/posts\/6780\/revisions"}],"predecessor-version":[{"id":6785,"href":"https:\/\/kulturinsz.de\/cms\/wp-json\/wp\/v2\/posts\/6780\/revisions\/6785"}],"wp:attachment":[{"href":"https:\/\/kulturinsz.de\/cms\/wp-json\/wp\/v2\/media?parent=6780"}],"wp:term":[{"taxonomy":"category","embeddable":true,"href":"https:\/\/kulturinsz.de\/cms\/wp-json\/wp\/v2\/categories?post=6780"},{"taxonomy":"post_tag","embeddable":true,"href":"https:\/\/kulturinsz.de\/cms\/wp-json\/wp\/v2\/tags?post=6780"}],"curies":[{"name":"wp","href":"https:\/\/api.w.org\/{rel}","templated":true}]}}