{"id":7026,"date":"2019-03-14T22:40:30","date_gmt":"2019-03-14T21:40:30","guid":{"rendered":"http:\/\/kulturinsz.de\/cms\/?p=7026"},"modified":"2019-03-14T22:44:50","modified_gmt":"2019-03-14T21:44:50","slug":"auszeichnung-mit-der-bezirksmedaille","status":"publish","type":"post","link":"https:\/\/kulturinsz.de\/cms\/aktuelles\/auszeichnung-mit-der-bezirksmedaille\/","title":{"rendered":"Auszeichnung mit der Bezirksmedaille"},"content":{"rendered":"<p><a href=\"http:\/\/kulturinsz.de\/cms\/wp-content\/uploads\/2017\/06\/IMG_7700-e1498137132227.jpg\"><img loading=\"lazy\" class=\" wp-image-6299 size-medium alignleft\" src=\"http:\/\/kulturinsz.de\/cms\/wp-content\/uploads\/2017\/06\/IMG_7700-225x300.jpg\" alt=\"IMG_7700\" width=\"225\" height=\"300\" \/><\/a>Bezirksverordnetenvorsteher Ren\u00e9 R\u00f6gner-Francke bittet um Vorschl\u00e4ge von Personen f\u00fcr die Ehrung mit der Bezirksmedaille der <span class=\"caps\">BVV<\/span>. Vorgeschlagen werden k\u00f6nnen B\u00fcrgerinnen und B\u00fcrger, die sich freiwillig, uneigenn\u00fctzig und unentgeltlich f\u00fcr das Gemeinwohl im Bezirk engagieren.<\/p>\n<p>Vorschl\u00e4ge k\u00f6nnen von allen Einwohnern des Bezirks bis <strong>zum 30. April 2019<\/strong> beim B\u00fcro der <span class=\"caps\">BVV<\/span> eingereicht werden. Bitte begr\u00fcnden Sie Ihren Vorschlag mit einer m\u00f6glichst detaillierten Schilderung der Art und Dauer der ehrenamtlichen T\u00e4tigkeit:<\/p>\n<p><a href=\"https:\/\/www.berlin.de\/ba-steglitz-zehlendorf\/politik-und-verwaltung\/bezirksverordnetenversammlung\/wissenswertes\/artikel.80414.php\" target=\"_blank\">www.berlin.de\/ba-steglitz-zehlendorf\/politik-und-verwaltung\/bezirksverordnetenversammlung\/wissenswertes\/artikel.80414.php<\/a><\/p>\n","protected":false},"excerpt":{"rendered":"<p>Bezirksverordnetenvorsteher Ren\u00e9 R\u00f6gner-Francke bittet um Vorschl\u00e4ge von Personen f\u00fcr die Ehrung mit der Bezirksmedaille der BVV. Vorgeschlagen werden k\u00f6nnen B\u00fcrgerinnen und B\u00fcrger, die sich freiwillig, uneigenn\u00fctzig und unentgeltlich f\u00fcr das Gemeinwohl im Bezirk engagieren. Vorschl\u00e4ge k\u00f6nnen von allen Einwohnern des &hellip; <a href=\"https:\/\/kulturinsz.de\/cms\/aktuelles\/auszeichnung-mit-der-bezirksmedaille\/\">Weiterlesen <span class=\"meta-nav\">&rarr;<\/span><\/a><\/p>\n","protected":false},"author":3,"featured_media":0,"comment_status":"open","ping_status":"open","sticky":false,"template":"","format":"standard","meta":[],"categories":[4],"tags":[173,157,177,49,13],"_links":{"self":[{"href":"https:\/\/kulturinsz.de\/cms\/wp-json\/wp\/v2\/posts\/7026"}],"collection":[{"href":"https:\/\/kulturinsz.de\/cms\/wp-json\/wp\/v2\/posts"}],"about":[{"href":"https:\/\/kulturinsz.de\/cms\/wp-json\/wp\/v2\/types\/post"}],"author":[{"embeddable":true,"href":"https:\/\/kulturinsz.de\/cms\/wp-json\/wp\/v2\/users\/3"}],"replies":[{"embeddable":true,"href":"https:\/\/kulturinsz.de\/cms\/wp-json\/wp\/v2\/comments?post=7026"}],"version-history":[{"count":3,"href":"https:\/\/kulturinsz.de\/cms\/wp-json\/wp\/v2\/posts\/7026\/revisions"}],"predecessor-version":[{"id":7029,"href":"https:\/\/kulturinsz.de\/cms\/wp-json\/wp\/v2\/posts\/7026\/revisions\/7029"}],"wp:attachment":[{"href":"https:\/\/kulturinsz.de\/cms\/wp-json\/wp\/v2\/media?parent=7026"}],"wp:term":[{"taxonomy":"category","embeddable":true,"href":"https:\/\/kulturinsz.de\/cms\/wp-json\/wp\/v2\/categories?post=7026"},{"taxonomy":"post_tag","embeddable":true,"href":"https:\/\/kulturinsz.de\/cms\/wp-json\/wp\/v2\/tags?post=7026"}],"curies":[{"name":"wp","href":"https:\/\/api.w.org\/{rel}","templated":true}]}}