{"id":7099,"date":"2019-03-26T16:02:43","date_gmt":"2019-03-26T15:02:43","guid":{"rendered":"http:\/\/kulturinsz.de\/cms\/?p=7099"},"modified":"2019-03-26T16:05:52","modified_gmt":"2019-03-26T15:05:52","slug":"enthuellung-der-informationsstele-die-rassenhygienische-und-bevoelkerungsbiologische-forschungsstelle-am-29-03-2019","status":"publish","type":"post","link":"https:\/\/kulturinsz.de\/cms\/aktuelles\/enthuellung-der-informationsstele-die-rassenhygienische-und-bevoelkerungsbiologische-forschungsstelle-am-29-03-2019\/","title":{"rendered":"Enth\u00fcllung der Informationsstele Die \u201eRassenhygienische und bev\u00f6lkerungsbiologische Forschungsstelle\u201c am 29.03.2019"},"content":{"rendered":"<p><a href=\"http:\/\/kulturinsz.de\/cms\/wp-content\/uploads\/2019\/03\/SteleSintiRoma-Einladung.jpg\"><img loading=\"lazy\" class=\"alignleft size-medium wp-image-7100\" src=\"http:\/\/kulturinsz.de\/cms\/wp-content\/uploads\/2019\/03\/SteleSintiRoma-Einladung-286x300.jpg\" alt=\"SteleSintiRoma-Einladung\" width=\"286\" height=\"300\" srcset=\"https:\/\/kulturinsz.de\/cms\/wp-content\/uploads\/2019\/03\/SteleSintiRoma-Einladung-286x300.jpg 286w, https:\/\/kulturinsz.de\/cms\/wp-content\/uploads\/2019\/03\/SteleSintiRoma-Einladung-976x1024.jpg 976w\" sizes=\"(max-width: 286px) 100vw, 286px\" \/><\/a>Die Stele, nach einem Entwurf von Karin Rosenberg, erinnert an die Geschichte der \u201eRassenhygienischen und bev\u00f6lkerungsbiologischen Forschungsstelle\u201c und ihre besondere Rolle bei der Verfolgung der Sinti und Roma.<br \/>\n<strong>Die Stele wird am Freitag, den 29. M\u00e4rz 2019, 11 Uhr, Unter den Eichen 82 \u2013 84, Ecke B\u00f6tticherstra\u00dfe, 12203 Berlin, der \u00d6ffentlichkeit \u00fcbergeben.<\/strong><br \/>\n<strong>Es sprechen:<\/strong><br \/>\n&#8211; Ralf Wieland, Pr\u00e4sident des Abgeordnetenhauses von Berlin,<br \/>\n&#8211; Petra Rosenberg, Vorsitzende des Landesverbands Deutscher Sinti und Roma Berlin-Brandenburg e.V.,<br \/>\n&#8211; Frank M\u00fcckisch, Bezirksstadtrat f\u00fcr Bildung, Kultur, Sport und Soziales.<\/p>\n<p><!--more--><\/p>\n<p><strong>Hintergrundinformationen:<\/strong><br \/>\n\u201cDie \u201eRassenhygienische und bev\u00f6lkerungsbiologische Forschungsstelle\u201c<br \/>\nIn der Zeit des Nationalsozialismus befand sich an diesem Ort als Abteilung des Reichsgesundheitsamts die \u201eRassenhygienische und bev\u00f6lkerungsbiologische Forschungsstelle\u201c.<br \/>\nInitiator und Leiter der Forschungsstelle war ab 1936 der Jugendpsychiater und \u00fcberzeugte Vertreter der NS-Rassenpolitik Robert Ritter (19011951). Zu seinen engsten Mitarbeiterinnen und Mitarbeitern z\u00e4hlte die Krankenschwester Eva Justin (19091966). Die Hauptaufgabe der Stelle bestand im Erfassen und Erforschen von Sinti und Roma sowie dem Sammeln personenbezogener Daten.<br \/>\n1936 im Zwangslager Berlin-Marzahn internierte Sinti und Roma geh\u00f6rten zu den ersten \u201eUntersuchungsobjekten\u201c, die Ritter und sein Mitarbeiterstab genealogisch befragte:<\/p>\n<p><a href=\"https:\/\/www.berlin.de\/ba-steglitz-zehlendorf\/aktuelles\/pressemitteilungen\/2019\/pressemitteilung.793758.php\" target=\"_blank\">www.berlin.de\/ba-steglitz-zehlendorf\/aktuelles\/pressemitteilungen\/2019\/pressemitteilung.793758.php<\/a><\/p>\n","protected":false},"excerpt":{"rendered":"<p>Die Stele, nach einem Entwurf von Karin Rosenberg, erinnert an die Geschichte der \u201eRassenhygienischen und bev\u00f6lkerungsbiologischen Forschungsstelle\u201c und ihre besondere Rolle bei der Verfolgung der Sinti und Roma. Die Stele wird am Freitag, den 29. M\u00e4rz 2019, 11 Uhr, Unter &hellip; <a href=\"https:\/\/kulturinsz.de\/cms\/aktuelles\/enthuellung-der-informationsstele-die-rassenhygienische-und-bevoelkerungsbiologische-forschungsstelle-am-29-03-2019\/\">Weiterlesen <span class=\"meta-nav\">&rarr;<\/span><\/a><\/p>\n","protected":false},"author":44,"featured_media":0,"comment_status":"open","ping_status":"open","sticky":false,"template":"","format":"standard","meta":[],"categories":[4],"tags":[173,27,18,59,139,177,49],"_links":{"self":[{"href":"https:\/\/kulturinsz.de\/cms\/wp-json\/wp\/v2\/posts\/7099"}],"collection":[{"href":"https:\/\/kulturinsz.de\/cms\/wp-json\/wp\/v2\/posts"}],"about":[{"href":"https:\/\/kulturinsz.de\/cms\/wp-json\/wp\/v2\/types\/post"}],"author":[{"embeddable":true,"href":"https:\/\/kulturinsz.de\/cms\/wp-json\/wp\/v2\/users\/44"}],"replies":[{"embeddable":true,"href":"https:\/\/kulturinsz.de\/cms\/wp-json\/wp\/v2\/comments?post=7099"}],"version-history":[{"count":1,"href":"https:\/\/kulturinsz.de\/cms\/wp-json\/wp\/v2\/posts\/7099\/revisions"}],"predecessor-version":[{"id":7101,"href":"https:\/\/kulturinsz.de\/cms\/wp-json\/wp\/v2\/posts\/7099\/revisions\/7101"}],"wp:attachment":[{"href":"https:\/\/kulturinsz.de\/cms\/wp-json\/wp\/v2\/media?parent=7099"}],"wp:term":[{"taxonomy":"category","embeddable":true,"href":"https:\/\/kulturinsz.de\/cms\/wp-json\/wp\/v2\/categories?post=7099"},{"taxonomy":"post_tag","embeddable":true,"href":"https:\/\/kulturinsz.de\/cms\/wp-json\/wp\/v2\/tags?post=7099"}],"curies":[{"name":"wp","href":"https:\/\/api.w.org\/{rel}","templated":true}]}}