{"id":7348,"date":"2019-05-09T18:02:28","date_gmt":"2019-05-09T16:02:28","guid":{"rendered":"http:\/\/kulturinsz.de\/cms\/?p=7348"},"modified":"2019-05-09T18:02:28","modified_gmt":"2019-05-09T16:02:28","slug":"20-jahre-mek-ein-nachbarschaftsfest-zum-geburtstag","status":"publish","type":"post","link":"https:\/\/kulturinsz.de\/cms\/aktuelles\/20-jahre-mek-ein-nachbarschaftsfest-zum-geburtstag\/","title":{"rendered":"20 Jahre MEK! Ein Nachbarschaftsfest zum Geburtstag"},"content":{"rendered":"<p><a href=\"http:\/\/kulturinsz.de\/cms\/wp-content\/uploads\/2017\/07\/IMG_7734-e1500492072143.jpg\"><img loading=\"lazy\" class=\"alignleft size-medium wp-image-6316\" src=\"http:\/\/kulturinsz.de\/cms\/wp-content\/uploads\/2017\/07\/IMG_7734-300x225.jpg\" alt=\"Staatliche Museen Dahlem\" width=\"300\" height=\"225\" \/><\/a>Vor 20 Jahren, am 24. Juni 1999, wurde das Museum Europ\u00e4ischer Kulturen (MEK) gegr\u00fcndet. Es entstand aus der Zusammenlegung der europ\u00e4ischen Sammlung des Museums f\u00fcr V\u00f6lkerkunde, dem heutigen Ethnologischen Museum, mit den Best\u00e4nden des Museums f\u00fcr (Deutsche) Volkskunde aus Ost- und Westberlin. Damit ging eine inhaltliche Neuausrichtung einher, hin zu einer modernen, kulturanthropologischen und -vergleichenden Sammlungs- und Forschungst\u00e4tigkeit mit europ\u00e4ischer Perspektive.<\/p>\n<p>Anl\u00e4sslich seines 20-j\u00e4hrigen Bestehens sowie der j\u00e4hrlich im Mai stattfindenden Europawoche l\u00e4dt das MEK am Sonntag, dem 12. Mai 2019, zum kostenfreien Nachbarschaftsfest in den Museumsgarten nach Berlin-Dahlem ein. Rund um die Sonder- und Dauerausstellungen wird ein umfangreiches Veranstaltungsprogramm f\u00fcr die ganze Familie geboten:<\/p>\n<p><a href=\"http:\/\/kulturinsz.de\/cms\/aktuelles\/events\/20-jahre-mek-ein-nachbarschaftsfest-zum-geburtstag\/\">kulturinsz.de\/cms\/aktuelles\/events\/20-jahre-mek-ein-nachbarschaftsfest-zum-geburtstag\/<\/a><\/p>\n","protected":false},"excerpt":{"rendered":"<p>Vor 20 Jahren, am 24. Juni 1999, wurde das Museum Europ\u00e4ischer Kulturen (MEK) gegr\u00fcndet. Es entstand aus der Zusammenlegung der europ\u00e4ischen Sammlung des Museums f\u00fcr V\u00f6lkerkunde, dem heutigen Ethnologischen Museum, mit den Best\u00e4nden des Museums f\u00fcr (Deutsche) Volkskunde aus Ost- &hellip; <a href=\"https:\/\/kulturinsz.de\/cms\/aktuelles\/20-jahre-mek-ein-nachbarschaftsfest-zum-geburtstag\/\">Weiterlesen <span class=\"meta-nav\">&rarr;<\/span><\/a><\/p>\n","protected":false},"author":3,"featured_media":0,"comment_status":"open","ping_status":"open","sticky":false,"template":"","format":"standard","meta":[],"categories":[4],"tags":[173,160,103],"_links":{"self":[{"href":"https:\/\/kulturinsz.de\/cms\/wp-json\/wp\/v2\/posts\/7348"}],"collection":[{"href":"https:\/\/kulturinsz.de\/cms\/wp-json\/wp\/v2\/posts"}],"about":[{"href":"https:\/\/kulturinsz.de\/cms\/wp-json\/wp\/v2\/types\/post"}],"author":[{"embeddable":true,"href":"https:\/\/kulturinsz.de\/cms\/wp-json\/wp\/v2\/users\/3"}],"replies":[{"embeddable":true,"href":"https:\/\/kulturinsz.de\/cms\/wp-json\/wp\/v2\/comments?post=7348"}],"version-history":[{"count":1,"href":"https:\/\/kulturinsz.de\/cms\/wp-json\/wp\/v2\/posts\/7348\/revisions"}],"predecessor-version":[{"id":7351,"href":"https:\/\/kulturinsz.de\/cms\/wp-json\/wp\/v2\/posts\/7348\/revisions\/7351"}],"wp:attachment":[{"href":"https:\/\/kulturinsz.de\/cms\/wp-json\/wp\/v2\/media?parent=7348"}],"wp:term":[{"taxonomy":"category","embeddable":true,"href":"https:\/\/kulturinsz.de\/cms\/wp-json\/wp\/v2\/categories?post=7348"},{"taxonomy":"post_tag","embeddable":true,"href":"https:\/\/kulturinsz.de\/cms\/wp-json\/wp\/v2\/tags?post=7348"}],"curies":[{"name":"wp","href":"https:\/\/api.w.org\/{rel}","templated":true}]}}