{"id":8073,"date":"2019-11-01T17:48:42","date_gmt":"2019-11-01T16:48:42","guid":{"rendered":"http:\/\/kulturinsz.de\/cms\/?p=8073"},"modified":"2019-11-01T17:48:42","modified_gmt":"2019-11-01T16:48:42","slug":"7-offene-ateliers-steglitz-zehlendorf-2019-sichtbar","status":"publish","type":"post","link":"https:\/\/kulturinsz.de\/cms\/malerei\/7-offene-ateliers-steglitz-zehlendorf-2019-sichtbar\/","title":{"rendered":"7. Offene Ateliers Steglitz-Zehlendorf 2019: SICHTBAR"},"content":{"rendered":"<p><a href=\"https:\/\/offene-ateliers-steglitz-zehlendorf.de\/wp-content\/uploads\/2019\/10\/Titelbild-2019-945x350.jpg\"><img loading=\"lazy\" class=\"aligncenter\" src=\"https:\/\/offene-ateliers-steglitz-zehlendorf.de\/wp-content\/uploads\/2019\/10\/Titelbild-2019-945x350.jpg\" alt=\"\" width=\"600\" height=\"222\" \/><\/a><\/p>\n<p><strong>Teil I 02.+03. November 2019 f\u00fcr Steglitz<\/strong><\/p>\n<p><strong>Teil II 09.+10. November 2019 f\u00fcr Zehlendorf<\/strong><\/p>\n<p><strong>\u00d6ffnungszeiten: Samstag, 13:00 &#8211; 19:00 Uhr, Sonntag, 13:00 &#8211; 17:30 Uhr<\/strong><\/p>\n<p><strong>Der Countdown l\u00e4uft: Die lebendige Kunstszene Steglitz-Zehlendorf w\u00e4chst sichtbar<\/strong><\/p>\n<p><strong>Zwei Wochenenden lang \u00fcber 68 K\u00fcnstler*innen, an 31 Kunstorten in Steglitz-Zehlendorf <\/strong><\/p>\n<p>Weit mehr als 68 K\u00fcnstler*innen pr\u00e4sentieren sich an 31 Orten nun schon zum 7. Mal w\u00e4hrend der Offenen Ateliers \u2013 und laden das kunstinteressierte Publikum an den ersten <!--more-->beiden Wochenenden im November zu einem abwechslungsreichen Atelierrundgang ein. Die Steglitz-Zehlendorfer K\u00fcnstler*innen \u00f6ffnen die T\u00fcren zu ihren Ateliers, Studios, Werkst\u00e4tten, K\u00fcnstlergalerien und privaten Wohnateliers. Die Besucher erwarten eine aktuelle Werkschau aus den unterschiedlichsten k\u00fcnstlerischen Bereichen Malerei, Grafik, Illustration, Fotografie, Bildhauerei und Performance &#8211; sowie zahlreiche Aktionen.<\/p>\n<p><strong>Unser Bezirk hat Kunstvolles zu bieten \u2013 j\u00e4hrlich gr\u00fc\u00dft das Murmeltier <\/strong><\/p>\n<p>a) Die Kunstszene in Steglitz-Zehlendorf w\u00e4chst zusammen und macht sich st\u00e4rker sichtbar\u00a0\u2022\u00a0Events gemeinsam zu initiieren ist eher untypisch f\u00fcr die Kunstszene, doch jetzt schon zum 7. Mal etabliert in unserem Berliner Bezirk. Unsere Teilnehmerzahl w\u00e4chst von Jahr zu Jahr\u00a0\u2022\u00a0In 2019 weitere 10 Teilnehmer. Bemerkenswert ist, viele K\u00fcnstler*innen lernen sich w\u00e4hrend unserer Event-Vorbereitung kennen, arbeiten auch k\u00fcnstlerisch zusammen und initiieren gemeinschaftlichen Support, beispielsweise durch das Verteilen von Flyern in Steglitz-Zehlendorf\u00a0\u2022\u00a0Den Auftakt f\u00fcr die Offenen Ateliers Steglitz-Zehlendorf 2019 stellte die 1. Gemeinschaftsausstellung #DAS LEBEN IST SCH\u00d6N im M\u00e4rz dar, bei der 24 K\u00fcnstler*innen teilnahmen. (Reha Steglitz gGmbH in der Bergstra\u00dfe)<br \/>\nb) Wie immer gilt: 2 Kunst-Wochenenden bei freiem Eintritt in die Ateliers\u00a0\u2022\u00a0f\u00fcr alle Programmpunkte\u00a0\u2022\u00a0Vielfach werden Getr\u00e4nke und kleinere Snacks angeboten.<br \/>\nc) Da die Produktionen der unterschiedlichen k\u00fcnstlerischen Bereiche meist unter Ausschluss der \u00d6ffentlichkeit entstehen, ist das \u00d6ffnen der Ateliert\u00fcren eine wunderbare Gelegenheit, die Vielfalt und Qualit\u00e4t der hier ans\u00e4ssigen K\u00fcnstler*innen zu entdecken.\u00a0\u2022\u00a0Zwei Wochenenden lang bieten sowohl zahlreiche etablierte K\u00fcnstler als auch Talente pers\u00f6nliche Einblicke in ihre Schaffensprozesse. Neben \u00fcberraschender Kunst und direkten Begegnungen, erwarten Sie ungew\u00f6hnliche Einsichten in die doch sehr umtriebige Kunstszene im S\u00fcdwesten Berlins.\u00a0\u2022\u00a0Entdecken Sie das K\u00f6nnen der K\u00fcnstler*innen eines Bezirkes, der sonst nicht im Fokus der Berliner Kunstszene steht in verschiedenen Atelierecken und Kulturknotenpunkten!<\/p>\n<p>d) Als K\u00fcnstlerinitiative ist es uns besonders wichtig, direkte Begegnungen und pers\u00f6nliche Gespr\u00e4che mit Kunstinteressierten, Neugierigen, Galeristen, Sammlern und Nachbarn \u00fcber unsere k\u00fcnstlerische Arbeit in Gang zu setzen.\u00a0\u2022\u00a0In allen Ateliers k\u00f6nnen die Besucher direkt die Kunstwerke erwerben.<\/p>\n<p>e) Auf unserer Website stellen wir Ihnen die teilnehmenden K\u00fcnstler*innen vor und werden Sie \u00fcber die einzelnen Aktionen und Programmpunkte informieren. Da die Grenzen der unterschiedlichen Kunstgenres ohnehin flie\u00dfend sind, werden an manchen Kunstorten auch Musik, Performances und Vorstellung k\u00fcnstlerischer Techniken geboten. Die Webseite f\u00fcllt sich in n\u00e4chster Zeit mehr und mehr.\u00a0\u2022\u00a0Schauen Sie immer wieder bei uns rein: <a href=\"http:\/\/www.offene-ateliers-steglitz-zehlendorf.de\/\">www.offene-ateliers-steglitz-zehlendorf.de<\/a><\/p>\n<p><strong>Die Fakten im \u00dcberblick:<\/strong><br \/>\nAn 31 Kunstorten in Steglitz-Zehlendorf haben die Besucher die M\u00f6glichkeit das k\u00fcnstlerische Schaffen von mehr als 68 K\u00fcnstler*innen zu erleben.<\/p>\n<p><strong>Teil I in Steglitz umfasst 14 Orte<\/strong><\/p>\n<ul>\n<li>16 Einzelk\u00fcnstler*innen<\/li>\n<li><strong>Neu dabei:<\/strong> Yongsung Chang, Susanne Pohlmann<\/li>\n<li>Sowie die Ateliergemeinschaften Hay49, Kunst.Raum.Steglitz (Mitgliederausstellung)<\/li>\n<\/ul>\n<p><strong>Teil II in Zehlendorf umfasst 17 Orte<\/strong><\/p>\n<ul>\n<li>36 Einzelk\u00fcnstler<\/li>\n<li><strong>Neu dabei:<\/strong> Christine B\u00fclow, Kerstin Deinert, Hedda Maria Thimm, Anne van den Berg-Gottschalk<\/li>\n<li>Sowie die Ateliergemeinschaften im Studentendorf Schlachtensee, wie K\u00fcnstlerhaus 19, Lux66- dem Kreativlabor<\/li>\n<\/ul>\n<p><strong>Die teilnehmenden K\u00fcnstler*innen, Ateliergemeinschaften, Kunstvereinen, Kulturorten \u2013 in beiden Bezirken<\/strong><\/p>\n<p align=\"JUSTIFY\">Sandra Bastos-Groth\u00a0\u2022\u00a0Anja Beecken\u00a0\u2022\u00a0Gerda Berger\u00a0\u2022\u00a0Myungsook Birreck (Danbi)\u00a0\u2022\u00a0Sigrid Umbach-Braun\u00a0\u2022\u00a0Monika Bulang-L\u00f6rcher\u00a0\u2022\u00a0Christine B\u00fclow\u00a0\u2022\u00a0Chang Yongsung\u00a0\u2022\u00a0Kerstin Deinert\u00a0\u2022\u00a0Bruno Dorn\u00a0\u2022\u00a0Gabriele Fackelmann\u00a0\u2022\u00a0Hyune-He Fischer\u00a0\u2022\u00a0Brigitte Gehrmann-Stein\u00a0\u2022\u00a0\u00a0Hay49\u00a0\u2022\u00a0Mirja Heinonen\u00a0\u2022\u00a0Eva Herborn\u00a0\u2022\u00a0Hella Horstmeier\u00a0\u2022\u00a0Barbara Hutter\u00a0\u2022 Carsten Iltsche\u00a0\u2022\u00a0Liane K\u00e4s\u00a0\u2022\u00a0Elke Kirstaedter\u00a0\u2022\u00a0Anna Kl\u00f6hn\u00a0\u2022\u00a0Klaus J. Knittel\u00a0\u2022\u00a0Manfred Koch\u00a0\u2022\u00a0Heidrun Kunert\u00a0\u2022\u00a0KunstRaumSteglitz\u00a0\u2022\u00a0Karen Lang\u00a0\u2022\u00a0Bettina Lehfeldt\u00a0\u2022\u00a0Christiane Lenz\u00a0\u2022\u00a0Harald Liegel\u00a0\u2022\u00a0Dorothea Linke\u00a0\u2022\u00a0D\u00f6rte L\u00fctzel-Walz\u00a0\u2022\u00a0Lux 66\u00a0\u2022\u00a0Heike Manleitner\u00a0\u2022\u00a0Lara Minerva\u00a0\u2022\u00a0Eva Moeller \u2022\u00a0Michael M\u00fchl \u00a0\u2022\u00a0Siegrid M\u00fcller-Holtz\u00a0\u2022\u00a0Diether M\u00fcnchgesang\u00a0\u2022\u00a0Renate N\u00f6h\u00a0\u2022\u00a0\u00a0Erwin Otto\u00a0\u2022\u00a0Corina Ott-Seelow\u00a0\u2022\u00a0Angela Pechstein\u00a0\u2022\u00a0Renate Pfrommer\u00a0\u2022\u00a0Susanne Pohlmann\u00a0\u2022\u00a0Carolina Pretell\u00a0\u2022\u00a0Jutta R\u00f6mer\u00a0\u2022\u00a0Andreas R\u00f6ssiger\u00a0\u2022\u00a0Claudia Sawallisch\u00a0\u2022\u00a0Ursula Schmelzer\u00a0\u2022\u00a0Claudia Speer\u00a0\u2022\u00a0Marie S. Stern\u00a0\u2022\u00a0Studentendorf Schlachtensee \u00a0\u2022\u00a0Hedda Maria Thimm\u00a0\u2022\u00a0Anne van d. Berg-Gottschalk\u00a0\u2022\u00a0Simone Westphal\u00a0\u2022\u00a0Heike Zaiser \u2022\u00a0Christiane Zeichhardt<\/p>\n<p align=\"JUSTIFY\"><strong>Stichpunkt: Ateliergemeinschaft, Kunstverein<\/strong> Kunst.Raum.Steglitz. <strong>und Knotenpunkt<\/strong><\/p>\n<p><strong>Steglitz: Die Ateliergemeinschaft Hay 29 pr\u00e4sentiert die Arbeiten folgender K\u00fcnstler:<\/strong> Sondra Sohl, Oliver Niem\u00f6ller, Kama Jackowska, Weronaik, Caroline Engelmann<\/p>\n<p>Steglitz: Kunst.Raum.Steglitz. zeigt mit\u00a0Art<sup>5<\/sup>Steglitz\u00a0eine Mitgliederausstellung im Primobuch. <strong>Ge\u00f6ffnete Einzelateliers des Kunst.Raum.Steglitz:<\/strong> <a href=\"https:\/\/offene-ateliers-steglitz-zehlendorf.de\/2019\/10\/11\/myungsook-danbi-birreck-2\/\">Myungsook (Danbi) Birreck<\/a>,\u00a0<a href=\"https:\/\/offene-ateliers-steglitz-zehlendorf.de\/2019\/10\/12\/dorothea-linke-2\/\">Dorothea Linke<\/a>,\u00a0 <a href=\"https:\/\/offene-ateliers-steglitz-zehlendorf.de\/2019\/10\/11\/ursula-schmelzer-2-2\/\">Ursula Schmelzer<\/a>, <a href=\"https:\/\/offene-ateliers-steglitz-zehlendorf.de\/2019\/10\/12\/hedda-maria-thimm\/\">Hedda-Maria Thimm<\/a><\/p>\n<p><strong>Zehlendorf: Auf dem Gel\u00e4nde des Studentendorfs Schlachtensee &#8211; W\u00e4hrend der diesj\u00e4hrigen 7. Offenen Ateliers Steglitz-Zehlendorf 2019 \u2013 Sichtbar sind unsere Kulturorte:<\/strong><\/p>\n<ol>\n<li><strong>Ateliers, in Haus 12:<\/strong> Bruno Dorn, Erwin Otto, Lux66-Kreativ Labor<\/li>\n<li><strong>K\u00fcnstlerhaus K19:<\/strong> Kerstin Deinert, Hyune-He Fischer, Anna Kl\u00f6hn (Gast), Klaus Knittel, Dorothea Linke (Gast), Christiane Lenz, Lara Minerva, Siegrid M\u00fcller-Holtz, Claudia Sawallisch, Marie Stern<\/li>\n<li><strong>Learning Lounge, Haus 28, eine tempor\u00e4re Ausstellung: <\/strong>Renate Pfrommer, Eva M\u00f6ller<\/li>\n<li><strong>Studentenclub A18, im Haus 14:<\/strong> Konzert am 08.11.2019, 20:00 &#8211; Moonmind<br \/>\nKonzert am 09.11.2019, 20:00 &#8211; Chix\u2019n Bones<\/li>\n<\/ol>\n<p>Schaut man genauer, so arbeiten viele K\u00fcnstle*innen inzwischen zu zweit in ihren Ateliers\u00a0\u2022\u00a0beispielsweise das Atelier Manleitner in der Charlottenburger Stra\u00dfe 22 \u00a0\u2022\u00a0Atelier Lehfeldt\/Zaiser\u00a0\u2022\u00a0Atelier Birreck\/Chang\u00a0\u2022\u00a0Atelier Fackelmann\/Bulang-L\u00f6rcher etc.<\/p>\n<p>Web: <a href=\"http:\/\/www.offene-ateliers-steglitz-zehlendorf.de\/\">www.<\/a><a href=\"http:\/\/www.offene-ateliers-steglitz-zehlendorf.de\/\">offene-ateliers-steglitz-zehlendorf.de<\/a><\/p>\n<p>&nbsp;<\/p>\n","protected":false},"excerpt":{"rendered":"<p>Teil I 02.+03. November 2019 f\u00fcr Steglitz Teil II 09.+10. November 2019 f\u00fcr Zehlendorf \u00d6ffnungszeiten: Samstag, 13:00 &#8211; 19:00 Uhr, Sonntag, 13:00 &#8211; 17:30 Uhr Der Countdown l\u00e4uft: Die lebendige Kunstszene Steglitz-Zehlendorf w\u00e4chst sichtbar Zwei Wochenenden lang \u00fcber 68 K\u00fcnstler*innen, &hellip; <a href=\"https:\/\/kulturinsz.de\/cms\/malerei\/7-offene-ateliers-steglitz-zehlendorf-2019-sichtbar\/\">Weiterlesen <span class=\"meta-nav\">&rarr;<\/span><\/a><\/p>\n","protected":false},"author":3,"featured_media":0,"comment_status":"open","ping_status":"open","sticky":false,"template":"","format":"standard","meta":[],"categories":[9],"tags":[173,174,49,13],"_links":{"self":[{"href":"https:\/\/kulturinsz.de\/cms\/wp-json\/wp\/v2\/posts\/8073"}],"collection":[{"href":"https:\/\/kulturinsz.de\/cms\/wp-json\/wp\/v2\/posts"}],"about":[{"href":"https:\/\/kulturinsz.de\/cms\/wp-json\/wp\/v2\/types\/post"}],"author":[{"embeddable":true,"href":"https:\/\/kulturinsz.de\/cms\/wp-json\/wp\/v2\/users\/3"}],"replies":[{"embeddable":true,"href":"https:\/\/kulturinsz.de\/cms\/wp-json\/wp\/v2\/comments?post=8073"}],"version-history":[{"count":1,"href":"https:\/\/kulturinsz.de\/cms\/wp-json\/wp\/v2\/posts\/8073\/revisions"}],"predecessor-version":[{"id":8074,"href":"https:\/\/kulturinsz.de\/cms\/wp-json\/wp\/v2\/posts\/8073\/revisions\/8074"}],"wp:attachment":[{"href":"https:\/\/kulturinsz.de\/cms\/wp-json\/wp\/v2\/media?parent=8073"}],"wp:term":[{"taxonomy":"category","embeddable":true,"href":"https:\/\/kulturinsz.de\/cms\/wp-json\/wp\/v2\/categories?post=8073"},{"taxonomy":"post_tag","embeddable":true,"href":"https:\/\/kulturinsz.de\/cms\/wp-json\/wp\/v2\/tags?post=8073"}],"curies":[{"name":"wp","href":"https:\/\/api.w.org\/{rel}","templated":true}]}}