{"id":9100,"date":"2021-03-11T15:02:47","date_gmt":"2021-03-11T14:02:47","guid":{"rendered":"http:\/\/kulturinsz.de\/cms\/?p=9100"},"modified":"2021-03-11T15:02:47","modified_gmt":"2021-03-11T14:02:47","slug":"kulturamt-ausstellung-neo-rauch-der-beifang-ab-dem-15-03-2021-im-gutshaus-steglitz","status":"publish","type":"post","link":"https:\/\/kulturinsz.de\/cms\/aktuelles\/kulturamt-ausstellung-neo-rauch-der-beifang-ab-dem-15-03-2021-im-gutshaus-steglitz\/","title":{"rendered":"Kulturamt: Ausstellung: \u201eNeo Rauch \u2013 Der Beifang\u201c \u2013 ab dem 15.03.2021 im Gutshaus Steglitz"},"content":{"rendered":"<p><strong>Ab dem 15.03. wird es im Gutshaus Steglitz die Ausstellung &#8220;Der Beifang&#8221; von Neo Rauch zu sehen geben. Eine Voranmeldung (s. <a href=\"http:\/\/kulturinsz.de\/cms\/aktuelles\/events\/ausstellung-neo-rauch-der-beifang\/\">http:\/\/kulturinsz.de\/cms\/aktuelles\/events\/ausstellung-neo-rauch-der-beifang\/<\/a>) ist dazu wegen Corona allerdings n\u00f6tig.<\/strong><\/p>\n<div id=\"attachment_9102\" style=\"width: 264px\" class=\"wp-caption alignleft\"><img aria-describedby=\"caption-attachment-9102\" loading=\"lazy\" class=\"size-medium wp-image-9102\" src=\"http:\/\/kulturinsz.de\/cms\/wp-content\/uploads\/2021\/03\/maxsize_e166cfb3a2472835051da79a8e14e890_neo-rauch-stellwerk-ii-2015-254x300.jpg\" alt=\"\" width=\"254\" height=\"300\" srcset=\"https:\/\/kulturinsz.de\/cms\/wp-content\/uploads\/2021\/03\/maxsize_e166cfb3a2472835051da79a8e14e890_neo-rauch-stellwerk-ii-2015-254x300.jpg 254w, https:\/\/kulturinsz.de\/cms\/wp-content\/uploads\/2021\/03\/maxsize_e166cfb3a2472835051da79a8e14e890_neo-rauch-stellwerk-ii-2015-867x1024.jpg 867w, https:\/\/kulturinsz.de\/cms\/wp-content\/uploads\/2021\/03\/maxsize_e166cfb3a2472835051da79a8e14e890_neo-rauch-stellwerk-ii-2015-768x907.jpg 768w, https:\/\/kulturinsz.de\/cms\/wp-content\/uploads\/2021\/03\/maxsize_e166cfb3a2472835051da79a8e14e890_neo-rauch-stellwerk-ii-2015.jpg 1000w\" sizes=\"(max-width: 254px) 100vw, 254px\" \/><p id=\"caption-attachment-9102\" class=\"wp-caption-text\">Stellwerk II<br \/>2015<br \/>\u00d6l auf Papier<br \/>242 \u00d7 206 cm<br \/>Foto: Uwe Walter, Berlin<br \/>\u00a9 Neo Rauch und VG Bild-Kunst, Bonn 2020<br \/>Courtesy Galerie EIGEN+ART Leipzig\/Berlin und Galerie David Zwirner, New York\/London\/Hong Kong\/Paris<\/p><\/div>\n<p>&#8220;In der Ausstellung werden Werke gezeigt, die nach 2000 entstanden, viele davon in den 2010er Jahren. Alle Bilder stammen aus dem Privatbesitz des Malers und kreisen um Themen, die ihm am Herzen liegen \u2013 darunter auch biografische Erlebnisse oder sein Selbstverst\u00e4ndnis als K\u00fcnstler.<\/p>\n<p>Die Ausstellung wird von zumeist gro\u00dfformatigen Papierarbeiten dominiert, die in Komposition und Farbigkeit durchformuliert sind und darin an Rauchs Leinwandbilder erinnern. Die Rolle der Farbe und das \u2013 in der Begrifflichkeit des K\u00fcnstlers \u2013 \u201eFarbregime\u201c, dem jedes Bild unterworfen ist, werden hier unmittelbar ersichtlich. Daneben wird auch eine Auswahl kleinerer Bl\u00e4tter gezeigt, die einen weniger bekannten Bereich in Neo Rauchs k\u00fcnstlerischem Schaffen vermitteln. Es handelt sich bei diesen Bl\u00e4ttern nicht um Vorarbeiten. Dies gilt im Wesentlichen ebenso f\u00fcr die teils fl\u00fcchtigen, teils minuti\u00f6sen Zeichnungen aus dem Atelier heraus \u2013 dem dritten Aspekt dieser sehr privaten Ausstellung. <!--more--><\/p>\n<div id=\"attachment_9101\" style=\"width: 255px\" class=\"wp-caption alignright\"><img aria-describedby=\"caption-attachment-9101\" loading=\"lazy\" class=\"size-medium wp-image-9101\" src=\"http:\/\/kulturinsz.de\/cms\/wp-content\/uploads\/2021\/03\/maxsize_baa6edf07a211c5c49f3a214619d9c86_neo-rauch-das-xylophon-2018-245x300.jpg\" alt=\"\" width=\"245\" height=\"300\" srcset=\"https:\/\/kulturinsz.de\/cms\/wp-content\/uploads\/2021\/03\/maxsize_baa6edf07a211c5c49f3a214619d9c86_neo-rauch-das-xylophon-2018-245x300.jpg 245w, https:\/\/kulturinsz.de\/cms\/wp-content\/uploads\/2021\/03\/maxsize_baa6edf07a211c5c49f3a214619d9c86_neo-rauch-das-xylophon-2018-838x1024.jpg 838w, https:\/\/kulturinsz.de\/cms\/wp-content\/uploads\/2021\/03\/maxsize_baa6edf07a211c5c49f3a214619d9c86_neo-rauch-das-xylophon-2018-768x938.jpg 768w, https:\/\/kulturinsz.de\/cms\/wp-content\/uploads\/2021\/03\/maxsize_baa6edf07a211c5c49f3a214619d9c86_neo-rauch-das-xylophon-2018.jpg 1000w\" sizes=\"(max-width: 245px) 100vw, 245px\" \/><p id=\"caption-attachment-9101\" class=\"wp-caption-text\">Das Xylophon<br \/>2018<br \/>\u00d6l auf Papier<br \/>247 \u00d7 205 cm<br \/>Foto: Uwe Walter, Berlin<br \/>\u00a9 Neo Rauch und VG Bild-Kunst, Bonn 2020<br \/>Courtesy Galerie EIGEN+ART Leipzig\/Berlin und Galerie David Zwirner, New York\/London\/Hong Kong\/Paris<\/p><\/div>\n<p>Die Kuratorin der Ausstellung, Dr. Brigitte Hausmann, \u00fcber Neo Rauch:<\/p>\n<blockquote><p>Neo Rauch z\u00e4hlt international zu den herausragenden Malern der Gegenwart. Sein Werk ist singul\u00e4r, vielleicht, weil es in einem f\u00fcr die zeitgen\u00f6ssische Kunst au\u00dferordentlichem Ma\u00df aus der Innenwelt oder der vom Unter- und Unbewussten gespeisten Imagination des K\u00fcnstlers sch\u00f6pft. Unausdeutbar und beunruhigend erscheinen seine Bildwelten, r\u00e4tselhaft die Figuren in ihren Handlungen.&#8221;<\/p><\/blockquote>\n<p>&nbsp;<\/p>\n<p>&nbsp;<\/p>\n<p>&nbsp;<\/p>\n<p>&nbsp;<\/p>\n<p>&nbsp;<\/p>\n<p>Mehr dazu beim Kulturamt:<\/p>\n<p><a href=\"https:\/\/www.berlin.de\/ba-steglitz-zehlendorf\/aktuelles\/pressemitteilungen\/2021\/pressemitteilung.1062072.php\" target=\"_blank\" rel=\"noopener\">https:\/\/www.berlin.de\/ba-steglitz-zehlendorf\/aktuelles\/pressemitteilungen\/2021\/pressemitteilung.1062072.php<\/a><\/p>\n<p>&nbsp;<\/p>\n","protected":false},"excerpt":{"rendered":"<p>Ab dem 15.03. wird es im Gutshaus Steglitz die Ausstellung &#8220;Der Beifang&#8221; von Neo Rauch zu sehen geben. Eine Voranmeldung (s. http:\/\/kulturinsz.de\/cms\/aktuelles\/events\/ausstellung-neo-rauch-der-beifang\/) ist dazu wegen Corona allerdings n\u00f6tig. &#8220;In der Ausstellung werden Werke gezeigt, die nach 2000 entstanden, viele davon &hellip; <a href=\"https:\/\/kulturinsz.de\/cms\/aktuelles\/kulturamt-ausstellung-neo-rauch-der-beifang-ab-dem-15-03-2021-im-gutshaus-steglitz\/\">Weiterlesen <span class=\"meta-nav\">&rarr;<\/span><\/a><\/p>\n","protected":false},"author":44,"featured_media":0,"comment_status":"open","ping_status":"open","sticky":false,"template":"","format":"standard","meta":[],"categories":[4],"tags":[173,47,174,49],"_links":{"self":[{"href":"https:\/\/kulturinsz.de\/cms\/wp-json\/wp\/v2\/posts\/9100"}],"collection":[{"href":"https:\/\/kulturinsz.de\/cms\/wp-json\/wp\/v2\/posts"}],"about":[{"href":"https:\/\/kulturinsz.de\/cms\/wp-json\/wp\/v2\/types\/post"}],"author":[{"embeddable":true,"href":"https:\/\/kulturinsz.de\/cms\/wp-json\/wp\/v2\/users\/44"}],"replies":[{"embeddable":true,"href":"https:\/\/kulturinsz.de\/cms\/wp-json\/wp\/v2\/comments?post=9100"}],"version-history":[{"count":1,"href":"https:\/\/kulturinsz.de\/cms\/wp-json\/wp\/v2\/posts\/9100\/revisions"}],"predecessor-version":[{"id":9103,"href":"https:\/\/kulturinsz.de\/cms\/wp-json\/wp\/v2\/posts\/9100\/revisions\/9103"}],"wp:attachment":[{"href":"https:\/\/kulturinsz.de\/cms\/wp-json\/wp\/v2\/media?parent=9100"}],"wp:term":[{"taxonomy":"category","embeddable":true,"href":"https:\/\/kulturinsz.de\/cms\/wp-json\/wp\/v2\/categories?post=9100"},{"taxonomy":"post_tag","embeddable":true,"href":"https:\/\/kulturinsz.de\/cms\/wp-json\/wp\/v2\/tags?post=9100"}],"curies":[{"name":"wp","href":"https:\/\/api.w.org\/{rel}","templated":true}]}}