{"id":9449,"date":"2022-04-08T17:15:06","date_gmt":"2022-04-08T15:15:06","guid":{"rendered":"http:\/\/kulturinsz.de\/cms\/?p=9449"},"modified":"2022-04-09T02:26:53","modified_gmt":"2022-04-09T00:26:53","slug":"valeria-osina-eine-kuenstlerin-aus-unserer-partnerstadt-charkiw-ukraine","status":"publish","type":"post","link":"https:\/\/kulturinsz.de\/cms\/malerei\/valeria-osina-eine-kuenstlerin-aus-unserer-partnerstadt-charkiw-ukraine\/","title":{"rendered":"Valeria Osina &#8211; eine K\u00fcnstlerin aus unserer Partnerstadt Charkiw\/Ukraine"},"content":{"rendered":"<p><em><strong>Valeria Osina ist eine K\u00fcnstlerin aus unserer Partnerstadt Charkiw in der Ostukraine, welches bereits von der ersten russischen Angriffswelle Ende Februar stark betroffen war. Sie ist daher nach Berlin geflohen und hat hier eine M\u00f6glichkeit gefunden, weiter zu malen . Sollten Sie sich f\u00fcr eines Ihrer Werke interessieren, finden Sie sie am besten auf Instagram: <a href=\"https:\/\/www.instagram.com\/lera_osina.art\/\" target=\"_blank\" rel=\"noopener\">https:\/\/www.instagram.com\/lera_osina.art\/<\/a><\/strong><\/em><\/p>\n<p><a href=\"http:\/\/kulturinsz.de\/cms\/malerei\/valeria-osina-eine-kuenstlerin-aus-unserer-partnerstadt-charkiw-ukraine\/attachment\/bildschirmfoto-2022-04-08-um-16-58-15\/\"><img loading=\"lazy\" class=\"alignleft wp-image-9454 size-medium\" src=\"http:\/\/kulturinsz.de\/cms\/wp-content\/uploads\/2022\/04\/Bildschirmfoto-2022-04-08-um-16.58.15-273x300.png\" alt=\"Valeria Osina: Currency Exchange\" width=\"273\" height=\"300\" srcset=\"https:\/\/kulturinsz.de\/cms\/wp-content\/uploads\/2022\/04\/Bildschirmfoto-2022-04-08-um-16.58.15-273x300.png 273w, https:\/\/kulturinsz.de\/cms\/wp-content\/uploads\/2022\/04\/Bildschirmfoto-2022-04-08-um-16.58.15-933x1024.png 933w, https:\/\/kulturinsz.de\/cms\/wp-content\/uploads\/2022\/04\/Bildschirmfoto-2022-04-08-um-16.58.15-768x843.png 768w, https:\/\/kulturinsz.de\/cms\/wp-content\/uploads\/2022\/04\/Bildschirmfoto-2022-04-08-um-16.58.15-1400x1536.png 1400w, https:\/\/kulturinsz.de\/cms\/wp-content\/uploads\/2022\/04\/Bildschirmfoto-2022-04-08-um-16.58.15.png 1668w\" sizes=\"(max-width: 273px) 100vw, 273px\" \/><\/a>&#8220;Ich bin Valeria Osina, ich wurde 1996 in Kertsch, Ukraine, geboren. Im Jahr 2013 schrieb ich mich an der Charkiwer Kunstschule in der Abteilung f\u00fcr Theater- und B\u00fchnenbildgestaltung ein, im Jahr 2017 dann an der Charkiwer Akademie f\u00fcr Design und Kunst in der Abteilung f\u00fcr Monumentalmalerei. Meine Ausbildung hat meine Erfahrungen gepr\u00e4gt, insbesondere die Multifunktionalit\u00e4t und das Multitasking. Nahezu jedes Semester musste ich ein k\u00fcnstlerisches Projekt produzieren &#8211; was sowohl die Arbeit mit den ideellen und r\u00e4umlichen Aspekten als auch die physische Umsetzung des Projekts beinhaltete.<span class=\"Apple-converted-space\">\u00a0<\/span><!--more--><\/p>\n<p><a href=\"http:\/\/kulturinsz.de\/cms\/malerei\/valeria-osina-eine-kuenstlerin-aus-unserer-partnerstadt-charkiw-ukraine\/attachment\/bildschirmfoto-2022-04-08-um-16-59-05\/\"><img loading=\"lazy\" class=\"alignright wp-image-9452 size-medium\" src=\"http:\/\/kulturinsz.de\/cms\/wp-content\/uploads\/2022\/04\/Bildschirmfoto-2022-04-08-um-16.59.05-300x281.png\" alt=\"Valeria Osina: Birch trees\" width=\"300\" height=\"281\" srcset=\"https:\/\/kulturinsz.de\/cms\/wp-content\/uploads\/2022\/04\/Bildschirmfoto-2022-04-08-um-16.59.05-300x281.png 300w, https:\/\/kulturinsz.de\/cms\/wp-content\/uploads\/2022\/04\/Bildschirmfoto-2022-04-08-um-16.59.05-1024x958.png 1024w, https:\/\/kulturinsz.de\/cms\/wp-content\/uploads\/2022\/04\/Bildschirmfoto-2022-04-08-um-16.59.05-768x719.png 768w, https:\/\/kulturinsz.de\/cms\/wp-content\/uploads\/2022\/04\/Bildschirmfoto-2022-04-08-um-16.59.05-1536x1438.png 1536w, https:\/\/kulturinsz.de\/cms\/wp-content\/uploads\/2022\/04\/Bildschirmfoto-2022-04-08-um-16.59.05.png 2028w\" sizes=\"(max-width: 300px) 100vw, 300px\" \/><\/a>Das Hauptziel meiner Arbeit besteht darin, die Welt um mich herum zu beobachten und direkte oder indirekte Metaphern zu erkennen. Manche Zuf\u00e4lle ergeben ein solches visuelles Bild, das viel Raum f\u00fcr die Suche nach einer Metapher l\u00e4sst. Letztere muss nur noch gefunden werden. Es geht darum, Ideen zu sehen.<span class=\"Apple-converted-space\">\u00a0<\/span><\/p>\n<p>&nbsp;<\/p>\n<p>&nbsp;<\/p>\n<p>&nbsp;<\/p>\n<p><a href=\"http:\/\/kulturinsz.de\/cms\/malerei\/valeria-osina-eine-kuenstlerin-aus-unserer-partnerstadt-charkiw-ukraine\/attachment\/bildschirmfoto-2022-04-08-um-16-58-38\/\"><img loading=\"lazy\" class=\"alignleft wp-image-9453 size-medium\" src=\"http:\/\/kulturinsz.de\/cms\/wp-content\/uploads\/2022\/04\/Bildschirmfoto-2022-04-08-um-16.58.38-271x300.png\" alt=\"Valeria Osina: There was a holiday\" width=\"271\" height=\"300\" srcset=\"https:\/\/kulturinsz.de\/cms\/wp-content\/uploads\/2022\/04\/Bildschirmfoto-2022-04-08-um-16.58.38-271x300.png 271w, https:\/\/kulturinsz.de\/cms\/wp-content\/uploads\/2022\/04\/Bildschirmfoto-2022-04-08-um-16.58.38-924x1024.png 924w, https:\/\/kulturinsz.de\/cms\/wp-content\/uploads\/2022\/04\/Bildschirmfoto-2022-04-08-um-16.58.38-768x851.png 768w, https:\/\/kulturinsz.de\/cms\/wp-content\/uploads\/2022\/04\/Bildschirmfoto-2022-04-08-um-16.58.38-1386x1536.png 1386w, https:\/\/kulturinsz.de\/cms\/wp-content\/uploads\/2022\/04\/Bildschirmfoto-2022-04-08-um-16.58.38.png 1548w\" sizes=\"(max-width: 271px) 100vw, 271px\" \/><\/a>In meiner kreativen Arbeit habe ich drei Hauptbereiche ausgemacht, die das Konzept aus verschiedenen Blickwinkeln untersuchen. Der erste Bereich ist die Arbeit mit dem Stadtbild. Sie zielt auf die metaphorische Natur der Stadt selbst als Produkt des sozialen Bewusstseins ab. Dieses Produkt ist eine st\u00e4dtische Umgebung. Eine Stadt als Vielfalt von [verschiedenen] Gesichtern oder ein vielschichtiges Portr\u00e4t der Gesellschaft. Ich sehe bestimmte Metaphern in den Stra\u00dfen, die ich dann abbilde. Sie zeigen die Haltung der Gesellschaft oder des Einzelnen zu verschiedenen Dingen, \u00e4sthetischen Vorlieben und eklektischen Metamorphosen. Ich lasse jedoch Raum f\u00fcr die Interpretationen des Betrachters. In erster Linie geht es darum, die Idee zu sehen. Aber es gibt auch die M\u00f6glichkeit der Erkundung, die nicht weniger wichtig ist. Die kreative Erkundung des K\u00fcnstlers erinnert an die Suche des Betrachters nach der Idee. Die Freude am L\u00f6sen des R\u00e4tsels ist der Ber\u00fchrungspunkt zwischen dem K\u00fcnstler und dem Betrachter.<span class=\"Apple-converted-space\">\u00a0<\/span><\/p>\n<p><a href=\"http:\/\/kulturinsz.de\/cms\/malerei\/valeria-osina-eine-kuenstlerin-aus-unserer-partnerstadt-charkiw-ukraine\/attachment\/bildschirmfoto-2022-04-08-um-17-01-01\/\"><img loading=\"lazy\" class=\"alignright wp-image-9456 size-medium\" src=\"http:\/\/kulturinsz.de\/cms\/wp-content\/uploads\/2022\/04\/Bildschirmfoto-2022-04-08-um-17.01.01-190x300.png\" alt=\"Valeria Osina: Diaolgue of generations\" width=\"190\" height=\"300\" srcset=\"https:\/\/kulturinsz.de\/cms\/wp-content\/uploads\/2022\/04\/Bildschirmfoto-2022-04-08-um-17.01.01-190x300.png 190w, https:\/\/kulturinsz.de\/cms\/wp-content\/uploads\/2022\/04\/Bildschirmfoto-2022-04-08-um-17.01.01-650x1024.png 650w, https:\/\/kulturinsz.de\/cms\/wp-content\/uploads\/2022\/04\/Bildschirmfoto-2022-04-08-um-17.01.01-768x1210.png 768w, https:\/\/kulturinsz.de\/cms\/wp-content\/uploads\/2022\/04\/Bildschirmfoto-2022-04-08-um-17.01.01-975x1536.png 975w, https:\/\/kulturinsz.de\/cms\/wp-content\/uploads\/2022\/04\/Bildschirmfoto-2022-04-08-um-17.01.01-1300x2048.png 1300w, https:\/\/kulturinsz.de\/cms\/wp-content\/uploads\/2022\/04\/Bildschirmfoto-2022-04-08-um-17.01.01.png 1316w\" sizes=\"(max-width: 190px) 100vw, 190px\" \/><\/a>Das Stillleben ist nur eine andere Form der Metapher. Bei Stillleben arbeite ich haupts\u00e4chlich mit Salz. Um genau zu sein, mit Salzp\u00e4ckchen. Meiner Meinung nach ist Salz ein Indikator f\u00fcr ein bestimmtes soziales Konstrukt oder Ph\u00e4nomen, eine Metapher f\u00fcr etwas, das einmal existierte, aber immer noch existiert und Teil unseres t\u00e4glichen Lebens ist. Genau wie das Design einer Salzpackung, das sich seit der Sowjetzeit nicht ver\u00e4ndert hat. Generell ist Salz ein fester Bestandteil des Lebens &#8211; wie auch die metaphorischen Aussagen \u00fcber Salz. Oft spielt Salz die Rolle des Schicksals. &#8220;Das Salz der Erde&#8221;, &#8220;Salz in die Wunde reiben&#8221;, &#8220;gemeinsam einen Sack Salz essen&#8221;. Es geht um Erfahrung, um Leid, um Sinn. Salz als Bild f\u00fcr kollektive Erfahrung.<span class=\"Apple-converted-space\">\u00a0<\/span><\/p>\n<p>Wenn man genauer hinschaut und verfolgt, wie sich das Salzp\u00e4ckchen im Laufe der Zeit ver\u00e4ndert, wenn es benutzt wird, kann man sehen, wie die Menschen es auf unterschiedliche Weise deformieren. Jede Packung ver\u00e4ndert sich, je nachdem, wer sie benutzt. Sie wird geleert, zerkn\u00fcllt und zerrissen &#8211; je nach ihrem eigenen salzigen Schicksal. Je nach der Idee, die ich ausdr\u00fccken m\u00f6chte, nimmt die Verpackung ein bestimmtes Aussehen an.<span class=\"Apple-converted-space\">\u00a0<\/span><\/p>\n<p><a href=\"http:\/\/kulturinsz.de\/cms\/malerei\/valeria-osina-eine-kuenstlerin-aus-unserer-partnerstadt-charkiw-ukraine\/attachment\/bildschirmfoto-2022-04-08-um-16-59-40\/\"><img loading=\"lazy\" class=\"alignleft wp-image-9451 size-medium\" src=\"http:\/\/kulturinsz.de\/cms\/wp-content\/uploads\/2022\/04\/Bildschirmfoto-2022-04-08-um-16.59.40-268x300.png\" alt=\"Valeria Osina: A window to the sky\" width=\"268\" height=\"300\" srcset=\"https:\/\/kulturinsz.de\/cms\/wp-content\/uploads\/2022\/04\/Bildschirmfoto-2022-04-08-um-16.59.40-268x300.png 268w, https:\/\/kulturinsz.de\/cms\/wp-content\/uploads\/2022\/04\/Bildschirmfoto-2022-04-08-um-16.59.40-916x1024.png 916w, https:\/\/kulturinsz.de\/cms\/wp-content\/uploads\/2022\/04\/Bildschirmfoto-2022-04-08-um-16.59.40-768x858.png 768w, https:\/\/kulturinsz.de\/cms\/wp-content\/uploads\/2022\/04\/Bildschirmfoto-2022-04-08-um-16.59.40-1374x1536.png 1374w, https:\/\/kulturinsz.de\/cms\/wp-content\/uploads\/2022\/04\/Bildschirmfoto-2022-04-08-um-16.59.40.png 1616w\" sizes=\"(max-width: 268px) 100vw, 268px\" \/><\/a>Es gibt auch andere Stillleben, in denen ich mit anderen Themen arbeite, in denen ich auf andere Themen achte, wie zum Beispiel: Zeit, Wortspiele und Kontexte, der Kontrast zwischen visuellen und semantischen Aspekten.<span class=\"Apple-converted-space\">\u00a0<\/span><\/p>\n<p>Der dritte Bereich ist die Darstellung von Mauern. Das Bild der Wand grenzt an etwas Fig\u00fcrliches und Ungegenst\u00e4ndliches. Es bietet die M\u00f6glichkeit, einfache und pr\u00e4gnante geometrische Formen in eine nicht minder pr\u00e4gnante Komposition einzubinden. Ein Gef\u00fchl der F\u00fclle, das sich in einfachen Formen wiederfindet. Jede Wand ist ein Raum, der tief ins Unterbewusste f\u00fchrt. Es ist ein Erlebnis, die W\u00e4nde in einem Kindergarten w\u00e4hrend der Mittagsruhe zu betrachten, eine Vision des Spiels von Bildern, die nicht von Hand gemacht sind. Es ist eine Erfahrung des Wartens vor der T\u00fcr des besten Freundes und des Moments, in dem man ihn sieht.<\/p>\n<p><a href=\"http:\/\/kulturinsz.de\/cms\/malerei\/valeria-osina-eine-kuenstlerin-aus-unserer-partnerstadt-charkiw-ukraine\/attachment\/bildschirmfoto-2022-04-08-um-17-01-42\/\"><img loading=\"lazy\" class=\"alignright wp-image-9457 size-medium\" src=\"http:\/\/kulturinsz.de\/cms\/wp-content\/uploads\/2022\/04\/Bildschirmfoto-2022-04-08-um-17.01.42-207x300.png\" alt=\"Valeria Osina: Compromise\" width=\"207\" height=\"300\" srcset=\"https:\/\/kulturinsz.de\/cms\/wp-content\/uploads\/2022\/04\/Bildschirmfoto-2022-04-08-um-17.01.42-207x300.png 207w, https:\/\/kulturinsz.de\/cms\/wp-content\/uploads\/2022\/04\/Bildschirmfoto-2022-04-08-um-17.01.42-706x1024.png 706w, https:\/\/kulturinsz.de\/cms\/wp-content\/uploads\/2022\/04\/Bildschirmfoto-2022-04-08-um-17.01.42-768x1114.png 768w, https:\/\/kulturinsz.de\/cms\/wp-content\/uploads\/2022\/04\/Bildschirmfoto-2022-04-08-um-17.01.42-1059x1536.png 1059w, https:\/\/kulturinsz.de\/cms\/wp-content\/uploads\/2022\/04\/Bildschirmfoto-2022-04-08-um-17.01.42.png 1390w\" sizes=\"(max-width: 207px) 100vw, 207px\" \/><\/a>Manche Textur- und Farbkombinationen lassen einen den Horizont als Grenze zwischen dem Meer, dem nassen Grasfeld, dem purpurnen Land und dem Himmel sehen. Mauern und der Raum im Eingang eines Wohnhauses, im Bogen zwischen zwei H\u00f6fen sind von gr\u00f6\u00dfter Bedeutung, aber wir neigen dazu, sie nicht wahrzunehmen. Mit meiner Arbeit m\u00f6chte ich die Bedeutung und \u00c4sthetik des st\u00e4dtischen Raums aufzeigen und betonen&#8221;.<\/p>\n<p>&nbsp;<\/p>\n<p>&nbsp;<\/p>\n<p>&nbsp;<\/p>\n<p>&nbsp;<\/p>\n","protected":false},"excerpt":{"rendered":"<p>Valeria Osina ist eine K\u00fcnstlerin aus unserer Partnerstadt Charkiw in der Ostukraine, welches bereits von der ersten russischen Angriffswelle Ende Februar stark betroffen war. Sie ist daher nach Berlin geflohen und hat hier eine M\u00f6glichkeit gefunden, weiter zu malen . &hellip; <a href=\"https:\/\/kulturinsz.de\/cms\/malerei\/valeria-osina-eine-kuenstlerin-aus-unserer-partnerstadt-charkiw-ukraine\/\">Weiterlesen <span class=\"meta-nav\">&rarr;<\/span><\/a><\/p>\n","protected":false},"author":3,"featured_media":0,"comment_status":"open","ping_status":"open","sticky":false,"template":"","format":"standard","meta":[],"categories":[9],"tags":[173,185,47,174,54,49,13],"_links":{"self":[{"href":"https:\/\/kulturinsz.de\/cms\/wp-json\/wp\/v2\/posts\/9449"}],"collection":[{"href":"https:\/\/kulturinsz.de\/cms\/wp-json\/wp\/v2\/posts"}],"about":[{"href":"https:\/\/kulturinsz.de\/cms\/wp-json\/wp\/v2\/types\/post"}],"author":[{"embeddable":true,"href":"https:\/\/kulturinsz.de\/cms\/wp-json\/wp\/v2\/users\/3"}],"replies":[{"embeddable":true,"href":"https:\/\/kulturinsz.de\/cms\/wp-json\/wp\/v2\/comments?post=9449"}],"version-history":[{"count":7,"href":"https:\/\/kulturinsz.de\/cms\/wp-json\/wp\/v2\/posts\/9449\/revisions"}],"predecessor-version":[{"id":9463,"href":"https:\/\/kulturinsz.de\/cms\/wp-json\/wp\/v2\/posts\/9449\/revisions\/9463"}],"wp:attachment":[{"href":"https:\/\/kulturinsz.de\/cms\/wp-json\/wp\/v2\/media?parent=9449"}],"wp:term":[{"taxonomy":"category","embeddable":true,"href":"https:\/\/kulturinsz.de\/cms\/wp-json\/wp\/v2\/categories?post=9449"},{"taxonomy":"post_tag","embeddable":true,"href":"https:\/\/kulturinsz.de\/cms\/wp-json\/wp\/v2\/tags?post=9449"}],"curies":[{"name":"wp","href":"https:\/\/api.w.org\/{rel}","templated":true}]}}